{"id":83922,"date":"2025-09-15T14:57:39","date_gmt":"2025-09-15T20:57:39","guid":{"rendered":"https:\/\/notiissa.mx\/?p=83922"},"modified":"2025-09-15T15:46:28","modified_gmt":"2025-09-15T21:46:28","slug":"lamenta-regidor-la-direccion-del-paquete-economico-federal-2026","status":"publish","type":"post","link":"https:\/\/notiissa.mx\/?p=83922","title":{"rendered":"Lamenta Regidor la direcci\u00f3n del Paquete Econ\u00f3mico Federal 2026"},"content":{"rendered":"<p><strong>Ciudad de Chihuahua.-<\/strong> El regidor de Hacienda y Planeaci\u00f3n, Luis Abraham Villegas Escand\u00f3n, extern\u00f3 su preocupaci\u00f3n en torno a la direcci\u00f3n que tendr\u00e1 el ejercicio del Paquete Econ\u00f3mico 2026 del Gobierno Federal.<\/p>\n<p>Villegas Escand\u00f3n calific\u00f3 de irresponsable la deuda contemplada de m\u00e1s de 10 billones de pesos, con respecto al ingreso que est\u00e1 establecido en 8.7 billones de pesos.<\/p>\n<p>\u201cEs irresponsable que comprometan el patrimonio de todas y todos los mexicanos, ante una supuesta pol\u00edtica de austeridad, en la cual, no se ven los resultados pero si se nota el despilfarro y se dejan de lado asuntos de inter\u00e9s prioritario como la salud\u201d, puntualiz\u00f3 el regidor del Partido Acci\u00f3n Nacional.<\/p>\n<p>Finaliz\u00f3 el comunicado mencionando que en el \u00e1mbito municipal se mantendr\u00e1 una pol\u00edtica de eficacia y transparencia, ante la situaci\u00f3n de riesgo que representan estas pol\u00edticas.<\/p>\n","protected":false},"excerpt":{"rendered":"<p>Ciudad de Chihuahua.- El regidor de Hacienda y Planeaci\u00f3n, Luis Abraham Villegas Escand\u00f3n, extern\u00f3 su preocupaci\u00f3n en torno a la direcci\u00f3n que tendr\u00e1 el ejercicio del Paquete Econ\u00f3mico 2026 del Gobierno Federal. Villegas Escand\u00f3n calific\u00f3 de irresponsable la deuda contemplada de m\u00e1s de 10 billones de pesos, con respecto al ingreso que est\u00e1 establecido en [&hellip;]<\/p>\n","protected":false},"author":1,"featured_media":83932,"comment_status":"closed","ping_status":"open","sticky":false,"template":"","format":"standard","meta":{"rop_custom_images_group":[],"rop_custom_messages_group":[],"rop_publish_now":"initial","rop_publish_now_accounts":[],"rop_publish_now_history":[],"rop_publish_now_status":"pending","footnotes":""},"categories":[67,61,72],"tags":[],"class_list":["post-83922","post","type-post","status-publish","format-standard","has-post-thumbnail","hentry","category-ciudad","category-economia","category-estado"],"_links":{"self":[{"href":"https:\/\/notiissa.mx\/index.php?rest_route=\/wp\/v2\/posts\/83922","targetHints":{"allow":["GET"]}}],"collection":[{"href":"https:\/\/notiissa.mx\/index.php?rest_route=\/wp\/v2\/posts"}],"about":[{"href":"https:\/\/notiissa.mx\/index.php?rest_route=\/wp\/v2\/types\/post"}],"author":[{"embeddable":true,"href":"https:\/\/notiissa.mx\/index.php?rest_route=\/wp\/v2\/users\/1"}],"replies":[{"embeddable":true,"href":"https:\/\/notiissa.mx\/index.php?rest_route=%2Fwp%2Fv2%2Fcomments&post=83922"}],"version-history":[{"count":1,"href":"https:\/\/notiissa.mx\/index.php?rest_route=\/wp\/v2\/posts\/83922\/revisions"}],"predecessor-version":[{"id":83924,"href":"https:\/\/notiissa.mx\/index.php?rest_route=\/wp\/v2\/posts\/83922\/revisions\/83924"}],"wp:featuredmedia":[{"embeddable":true,"href":"https:\/\/notiissa.mx\/index.php?rest_route=\/wp\/v2\/media\/83932"}],"wp:attachment":[{"href":"https:\/\/notiissa.mx\/index.php?rest_route=%2Fwp%2Fv2%2Fmedia&parent=83922"}],"wp:term":[{"taxonomy":"category","embeddable":true,"href":"https:\/\/notiissa.mx\/index.php?rest_route=%2Fwp%2Fv2%2Fcategories&post=83922"},{"taxonomy":"post_tag","embeddable":true,"href":"https:\/\/notiissa.mx\/index.php?rest_route=%2Fwp%2Fv2%2Ftags&post=83922"}],"curies":[{"name":"wp","href":"https:\/\/api.w.org\/{rel}","templated":true}]}}