{"id":83863,"date":"2025-09-14T15:38:45","date_gmt":"2025-09-14T21:38:45","guid":{"rendered":"https:\/\/notiissa.mx\/?p=83863"},"modified":"2025-09-14T15:38:45","modified_gmt":"2025-09-14T21:38:45","slug":"chihuahua-sera-pionera-en-cuidado-del-agua","status":"publish","type":"post","link":"https:\/\/notiissa.mx\/?p=83863","title":{"rendered":"Chihuahua ser\u00e1 pionera en cuidado del agua"},"content":{"rendered":"<p><strong>-Inicia desarrollo de Plan Municipal H\u00eddrico.<\/strong><\/p>\n<p><strong>&#8211; Lo anterior durante el quinto Foro Municipal del Agua.<\/strong><\/p>\n<p><strong>Ciudad de Chihuahua.-<\/strong> El departamento del cuidado del agua de la Direcci\u00f3n de Desarrollo Rural, junto con organizaciones civiles y dependencias de los distintos niveles gubernamentales realizaron el quinto Foro Municipal del Agua, cuyo objetivo fue dar inicio a desarrollar el Plan Municipal H\u00eddrico de Chihuahua como herramienta fundamental para garantizar la seguridad y sostenibilidad del agua.<\/p>\n<p>El pasado 11 de septiembre cuando el alcalde Marco Bonilla encabez\u00f3 la firma de un convenio para realizar el Plan Municipal H\u00eddrico, un instrumento t\u00e9cnico y estrat\u00e9gico que colocar\u00e1 a la ciudad entre las primeras del pa\u00eds en contar con una visi\u00f3n integral y de largo plazo sobre el recurso h\u00eddrico.<\/p>\n<p>Para el desarrollo del plan se realizaron algunas mesas de trabajo con temas como: Seguridad H\u00eddrica, Uso del Agua en la Agricultura, Sequ\u00edas e Inundaciones, Cultura, Educaci\u00f3n e Innovaci\u00f3n, entre otros temas.<\/p>\n<p>La directora del Instituto de Planeaci\u00f3n Integral del Municipio de Chihuahua (IMPLAN) Alondra Mart\u00ednez, celebr\u00f3 la voluntad de colaboraci\u00f3n entre los sectores acad\u00e9mico, estatal y municipal, quien destac\u00f3 que planear el territorio sin considerar el agua ya no es una opci\u00f3n.<\/p>\n<p>&nbsp;<\/p>\n","protected":false},"excerpt":{"rendered":"<p>-Inicia desarrollo de Plan Municipal H\u00eddrico. &#8211; Lo anterior durante el quinto Foro Municipal del Agua. Ciudad de Chihuahua.- El departamento del cuidado del agua de la Direcci\u00f3n de Desarrollo Rural, junto con organizaciones civiles y dependencias de los distintos niveles gubernamentales realizaron el quinto Foro Municipal del Agua, cuyo objetivo fue dar inicio a [&hellip;]<\/p>\n","protected":false},"author":1,"featured_media":83864,"comment_status":"closed","ping_status":"open","sticky":false,"template":"","format":"standard","meta":{"rop_custom_images_group":[],"rop_custom_messages_group":[],"rop_publish_now":"initial","rop_publish_now_accounts":[],"rop_publish_now_history":[],"rop_publish_now_status":"pending","footnotes":""},"categories":[67,72],"tags":[23],"class_list":["post-83863","post","type-post","status-publish","format-standard","has-post-thumbnail","hentry","category-ciudad","category-estado","tag-destacado"],"_links":{"self":[{"href":"https:\/\/notiissa.mx\/index.php?rest_route=\/wp\/v2\/posts\/83863","targetHints":{"allow":["GET"]}}],"collection":[{"href":"https:\/\/notiissa.mx\/index.php?rest_route=\/wp\/v2\/posts"}],"about":[{"href":"https:\/\/notiissa.mx\/index.php?rest_route=\/wp\/v2\/types\/post"}],"author":[{"embeddable":true,"href":"https:\/\/notiissa.mx\/index.php?rest_route=\/wp\/v2\/users\/1"}],"replies":[{"embeddable":true,"href":"https:\/\/notiissa.mx\/index.php?rest_route=%2Fwp%2Fv2%2Fcomments&post=83863"}],"version-history":[{"count":1,"href":"https:\/\/notiissa.mx\/index.php?rest_route=\/wp\/v2\/posts\/83863\/revisions"}],"predecessor-version":[{"id":83865,"href":"https:\/\/notiissa.mx\/index.php?rest_route=\/wp\/v2\/posts\/83863\/revisions\/83865"}],"wp:featuredmedia":[{"embeddable":true,"href":"https:\/\/notiissa.mx\/index.php?rest_route=\/wp\/v2\/media\/83864"}],"wp:attachment":[{"href":"https:\/\/notiissa.mx\/index.php?rest_route=%2Fwp%2Fv2%2Fmedia&parent=83863"}],"wp:term":[{"taxonomy":"category","embeddable":true,"href":"https:\/\/notiissa.mx\/index.php?rest_route=%2Fwp%2Fv2%2Fcategories&post=83863"},{"taxonomy":"post_tag","embeddable":true,"href":"https:\/\/notiissa.mx\/index.php?rest_route=%2Fwp%2Fv2%2Ftags&post=83863"}],"curies":[{"name":"wp","href":"https:\/\/api.w.org\/{rel}","templated":true}]}}