{"id":83824,"date":"2025-09-13T11:30:16","date_gmt":"2025-09-13T17:30:16","guid":{"rendered":"https:\/\/notiissa.mx\/?p=83824"},"modified":"2025-09-13T11:30:16","modified_gmt":"2025-09-13T17:30:16","slug":"inician-en-santa-eulalia-los-festejos-patrios","status":"publish","type":"post","link":"https:\/\/notiissa.mx\/?p=83824","title":{"rendered":"Inician en Santa Eulalia los Festejos Patrios"},"content":{"rendered":"<p class=\"yiv0843423551MsoNormal\"><b><span style=\"font-family: arial, sans-serif;\">Aquiles Serd\u00e1n, Chihuahua.- La Presidencia Municipal de Aquiles Serd\u00e1n iniciar\u00e1 las actividades de las Fiestas Patrias con la presentaci\u00f3n de agrupaciones, las cuales continuar\u00e1n durante los pr\u00f3ximos d\u00edas. Para hoy est\u00e1 prevista la presentaci\u00f3n de Banda La Parrandera, Conjunto Dekreto y Los Anchonis en Santa Eulalia.<\/span><\/b><\/p>\n<p class=\"yiv0843423551MsoNormal\"><b><span style=\"font-family: arial, sans-serif;\">La Alcald\u00eda hizo la invitaci\u00f3n para que todas las personas acudan a lo que se ha convertido en un festival con motivo de las fechas patrias, ya que para ma\u00f1ana se presentar\u00e1n Los Cadetes de Linares, La Sonora Dinamita y La Reaxi\u00f3n Norte\u00f1a. Las presentaciones comenzar\u00e1n por la tarde.<\/span><\/b><\/p>\n<p class=\"yiv0843423551MsoNormal\"><b><span style=\"font-family: arial, sans-serif;\">A\u00f1adi\u00f3 que este festejo es el m\u00e1s importante para la comunidad, ya que se ha convertido en una tradici\u00f3n para el municipio.<\/span><\/b><\/p>\n<p class=\"yiv0843423551MsoNormal\"><b><span style=\"font-family: arial, sans-serif;\">Para el lunes 15 habr\u00e1 presentaciones tambi\u00e9n en otras localidades del municipio, con el objetivo de que todos tengan la posibilidad de disfrutar con sus familias.<\/span><\/b><\/p>\n<p class=\"yiv0843423551MsoNormal\"><b><span style=\"font-family: arial, sans-serif;\">\u201cEste 15 y 16 de septiembre celebremos juntos nuestras Fiestas Patrias con m\u00fasica en vivo, ambiente familiar y juegos mec\u00e1nicos totalmente gratis\u201d, recalc\u00f3.<\/span><\/b><\/p>\n<p class=\"yiv0843423551MsoNormal\"><span style=\"font-family: arial, sans-serif;\"><b>En S<\/b><b>an Guillermo estar\u00e1 \u00a0La Indiferencia Norte\u00f1a, en Sto. Domingo Musical J, en \u00a0Laderas \u00a0Grupo Mando y Grupo Luna, en Vista Efecto Dominante, en Santa Eulalia el 15 de septiembre: Prisioneros del Norte, Los Rieleros del Norte y Los Mendoza.<\/b><\/span><\/p>\n<p class=\"yiv0843423551MsoNormal\"><span style=\"font-family: arial, sans-serif;\"><b>El 16 <\/b><b>de septiembre en Santa Eulalia: Escolta de Chihuahua, P\u00f3ker de Ases, Los Tremendos de Le\u00f3n\u00a0 y La Sonora Dinamita. Las actividades comenzar\u00e1n desde las 10 de la ma\u00f1ana con el Desfile de Independencia, cartelera de lucha libre, box y juegos tradicionales.<\/b><\/span><\/p>\n<p class=\"yiv0843423551MsoNormal\"><b><span style=\"font-family: arial, sans-serif;\">\u201cVen con tu familia a disfrutar de dos noches llenas de tradici\u00f3n, fiestas mexicanas y mucha alegr\u00eda\u201d, expuso.<\/span><\/b><\/p>\n","protected":false},"excerpt":{"rendered":"<p>Aquiles Serd\u00e1n, Chihuahua.- La Presidencia Municipal de Aquiles Serd\u00e1n iniciar\u00e1 las actividades de las Fiestas Patrias con la presentaci\u00f3n de agrupaciones, las cuales continuar\u00e1n durante los pr\u00f3ximos d\u00edas. Para hoy est\u00e1 prevista la presentaci\u00f3n de Banda La Parrandera, Conjunto Dekreto y Los Anchonis en Santa Eulalia. La Alcald\u00eda hizo la invitaci\u00f3n para que todas las [&hellip;]<\/p>\n","protected":false},"author":1,"featured_media":83825,"comment_status":"closed","ping_status":"open","sticky":false,"template":"","format":"standard","meta":{"rop_custom_images_group":[],"rop_custom_messages_group":[],"rop_publish_now":"initial","rop_publish_now_accounts":[],"rop_publish_now_history":[],"rop_publish_now_status":"pending","footnotes":""},"categories":[67,72],"tags":[23],"class_list":["post-83824","post","type-post","status-publish","format-standard","has-post-thumbnail","hentry","category-ciudad","category-estado","tag-destacado"],"_links":{"self":[{"href":"https:\/\/notiissa.mx\/index.php?rest_route=\/wp\/v2\/posts\/83824","targetHints":{"allow":["GET"]}}],"collection":[{"href":"https:\/\/notiissa.mx\/index.php?rest_route=\/wp\/v2\/posts"}],"about":[{"href":"https:\/\/notiissa.mx\/index.php?rest_route=\/wp\/v2\/types\/post"}],"author":[{"embeddable":true,"href":"https:\/\/notiissa.mx\/index.php?rest_route=\/wp\/v2\/users\/1"}],"replies":[{"embeddable":true,"href":"https:\/\/notiissa.mx\/index.php?rest_route=%2Fwp%2Fv2%2Fcomments&post=83824"}],"version-history":[{"count":1,"href":"https:\/\/notiissa.mx\/index.php?rest_route=\/wp\/v2\/posts\/83824\/revisions"}],"predecessor-version":[{"id":83826,"href":"https:\/\/notiissa.mx\/index.php?rest_route=\/wp\/v2\/posts\/83824\/revisions\/83826"}],"wp:featuredmedia":[{"embeddable":true,"href":"https:\/\/notiissa.mx\/index.php?rest_route=\/wp\/v2\/media\/83825"}],"wp:attachment":[{"href":"https:\/\/notiissa.mx\/index.php?rest_route=%2Fwp%2Fv2%2Fmedia&parent=83824"}],"wp:term":[{"taxonomy":"category","embeddable":true,"href":"https:\/\/notiissa.mx\/index.php?rest_route=%2Fwp%2Fv2%2Fcategories&post=83824"},{"taxonomy":"post_tag","embeddable":true,"href":"https:\/\/notiissa.mx\/index.php?rest_route=%2Fwp%2Fv2%2Ftags&post=83824"}],"curies":[{"name":"wp","href":"https:\/\/api.w.org\/{rel}","templated":true}]}}