{"id":83820,"date":"2025-09-12T18:03:51","date_gmt":"2025-09-13T00:03:51","guid":{"rendered":"https:\/\/notiissa.mx\/?p=83820"},"modified":"2025-09-12T18:03:51","modified_gmt":"2025-09-13T00:03:51","slug":"trabajar-con-wifi-gratis-en-un-cafe-una-practica-que-se-extingue","status":"publish","type":"post","link":"https:\/\/notiissa.mx\/?p=83820","title":{"rendered":"Trabajar con wifi gratis en un caf\u00e9, una pr\u00e1ctica que se &#8216;extingue&#8217;"},"content":{"rendered":"<h1 class=\"HeadLine-root HeadLine-type_2 \">En este pa\u00eds.<\/h1>\n<p>Una clienta tuvo que pagar cinco euros por estar varias horas ocupando una mesa con su ordenador port\u00e1til mientras consum\u00eda tan solo un caf\u00e9 con leche.<\/p>\n<p>Llega la pol\u00e9mica por una pr\u00e1ctica que se ha ido extendiendo durante los \u00faltimos a\u00f1os: ir a un bar o cafeter\u00eda, sacar tu ordenador port\u00e1til, conectarlo a la <strong>luz y wifi<\/strong> del establecimiento y dedicar horas al trabajo o el estudio mientras que se consume un caf\u00e9 o un refresco.<\/p>\n<p>La popular cuenta\u00a0<a href=\"https:\/\/esrt.space\/actualidad\/466064-cuenta-destapa-redes-miserias-hosteleria-espana\" target=\"_blank\" rel=\"noopener noreferrer\">@soycamarero<\/a>, dedicada a difundir desde malas pr\u00e1cticas en el sector hostelero hasta curiosidades de todo tipo, difundi\u00f3 recientemente un curioso ticket en el que <strong>se pone precio a ese h\u00e1bito<\/strong>.<\/p>\n<p>La factura de una clienta que, por lo visto, llevaba horas con su dispositivo utilizando la electricidad y la conexi\u00f3n inal\u00e1mbrica a Internet del local era m\u00e1s abultada de lo esperado despu\u00e9s de haber consumido tan solo un caf\u00e9 con leche: <strong>10 euros en total<\/strong>.<\/p>\n<p>El negocio le cobr\u00f3 <strong>cinco euros en concepto de \u00abservicio de luz y wifi\u00bb<\/strong>, algo totalmente inusual. Adem\u00e1s, tambi\u00e9n se cobraba 1,5 por un \u00abextra de leche\u00bb, un concepto tambi\u00e9n extra\u00f1o para la multitud de personas que comentaron la publicaci\u00f3n.<\/p>\n<p>El debate se ha abierto con muchas personas poni\u00e9ndose en la piel del hostelero que ve como sus mesas se ocupan durante horas con consumiciones irrisorias, mientras tienen que dar servicio de limpieza, entre otros.<\/p>\n<p>Algunos, eso s\u00ed, han apuntado que les parece correcto cobrar por esos conceptos siempre que est\u00e9n <strong>publicitadas las tarifas y se anuncien en la carta de precios<\/strong>.<\/p>\n<p>No est\u00e1 claro d\u00f3nde tuvo lugar exactamente esta experiencia, si bien\u00a0fue en alg\u00fan punto de Espa\u00f1a, donde poco a poco este tipo de pr\u00e1cticas comienzan a expandirse.<\/p>\n<p>Por suerte, los usuarios no solo se sorprenden con cargos no esperados cuando van a abonar sus cuentas, sino que en ocasiones quedan desconcertados con <strong>descuentos inopinados que les premian por ser buenos clientes<\/strong>.<\/p>\n<p>\u00abPor tu sonrisa\u00bb, \u00abpor tu confianza\u00bb, \u00abpor tu amabilidad\u00bb y \u00abpor recomendarnos\u00bb fueron las buenas aptitudes que le granjearon a un parroquiano la estupenda rebaja de 5 c\u00e9ntimos de euro.<\/p>\n<p><strong>RT.<\/strong><\/p>\n<p>&nbsp;<\/p>\n<p>&nbsp;<\/p>\n","protected":false},"excerpt":{"rendered":"<p>En este pa\u00eds. Una clienta tuvo que pagar cinco euros por estar varias horas ocupando una mesa con su ordenador port\u00e1til mientras consum\u00eda tan solo un caf\u00e9 con leche. Llega la pol\u00e9mica por una pr\u00e1ctica que se ha ido extendiendo durante los \u00faltimos a\u00f1os: ir a un bar o cafeter\u00eda, sacar tu ordenador port\u00e1til, conectarlo [&hellip;]<\/p>\n","protected":false},"author":1,"featured_media":83821,"comment_status":"closed","ping_status":"open","sticky":false,"template":"","format":"standard","meta":{"rop_custom_images_group":[],"rop_custom_messages_group":[],"rop_publish_now":"initial","rop_publish_now_accounts":[],"rop_publish_now_history":[],"rop_publish_now_status":"pending","footnotes":""},"categories":[67,62,72,66],"tags":[23],"class_list":["post-83820","post","type-post","status-publish","format-standard","has-post-thumbnail","hentry","category-ciudad","category-cultura","category-estado","category-estilo-de-vida","tag-destacado"],"_links":{"self":[{"href":"https:\/\/notiissa.mx\/index.php?rest_route=\/wp\/v2\/posts\/83820","targetHints":{"allow":["GET"]}}],"collection":[{"href":"https:\/\/notiissa.mx\/index.php?rest_route=\/wp\/v2\/posts"}],"about":[{"href":"https:\/\/notiissa.mx\/index.php?rest_route=\/wp\/v2\/types\/post"}],"author":[{"embeddable":true,"href":"https:\/\/notiissa.mx\/index.php?rest_route=\/wp\/v2\/users\/1"}],"replies":[{"embeddable":true,"href":"https:\/\/notiissa.mx\/index.php?rest_route=%2Fwp%2Fv2%2Fcomments&post=83820"}],"version-history":[{"count":1,"href":"https:\/\/notiissa.mx\/index.php?rest_route=\/wp\/v2\/posts\/83820\/revisions"}],"predecessor-version":[{"id":83822,"href":"https:\/\/notiissa.mx\/index.php?rest_route=\/wp\/v2\/posts\/83820\/revisions\/83822"}],"wp:featuredmedia":[{"embeddable":true,"href":"https:\/\/notiissa.mx\/index.php?rest_route=\/wp\/v2\/media\/83821"}],"wp:attachment":[{"href":"https:\/\/notiissa.mx\/index.php?rest_route=%2Fwp%2Fv2%2Fmedia&parent=83820"}],"wp:term":[{"taxonomy":"category","embeddable":true,"href":"https:\/\/notiissa.mx\/index.php?rest_route=%2Fwp%2Fv2%2Fcategories&post=83820"},{"taxonomy":"post_tag","embeddable":true,"href":"https:\/\/notiissa.mx\/index.php?rest_route=%2Fwp%2Fv2%2Ftags&post=83820"}],"curies":[{"name":"wp","href":"https:\/\/api.w.org\/{rel}","templated":true}]}}