{"id":83561,"date":"2025-09-07T18:20:12","date_gmt":"2025-09-08T00:20:12","guid":{"rendered":"https:\/\/notiissa.mx\/?p=83561"},"modified":"2025-09-07T18:20:12","modified_gmt":"2025-09-08T00:20:12","slug":"sony-presenta-nuevos-audifonos-ier-ex15c-con-conexion-usb-c","status":"publish","type":"post","link":"https:\/\/notiissa.mx\/?p=83561","title":{"rendered":"Sony presenta nuevos aud\u00edfonos IER-EX15C con conexi\u00f3n USB-C"},"content":{"rendered":"<p>Sony se complace en anunciar los nuevos <strong>aud\u00edfonos in-ear IER-EX15C USB-C\u00ae,<\/strong> dise\u00f1ados para ofrecer audio de alta calidad con la comodidad de conectar y usar. Con un controlador compacto de 5 mm que cuenta con un diafragma de alta conformidad, los aud\u00edfonos IER-EX15C proporcionan bajos profundos y voces claras en un dise\u00f1o peque\u00f1o y c\u00f3modo.<\/p>\n<p>El IER-EX15C es compatible con tel\u00e9fonos inteligentes, tabletas, laptops y otros dispositivos con conexi\u00f3n USB-C\u00ae, ofreciendo un rendimiento por cable confiable: sin carga, sin retrasos. Simplemente con\u00e9ctalo y disfruta.<\/p>\n<p>El IER-EX15C est\u00e1 dise\u00f1ado para aquellos que desean una experiencia de escucha simple, ya sea para m\u00fasica, llamadas o videos. El control incorporado en l\u00ednea permite a los usuarios gestionar f\u00e1cilmente la reproducci\u00f3n, ajustar el volumen, silenciar el micr\u00f3fono y responder llamadas. Un cable en forma de sierra resistente a enredos y un ajustador de cable mantienen los aud\u00edfonos organizados, mientras que sus cuerpos peque\u00f1os y tres tama\u00f1os de almohadillas de silicona h\u00edbrida garantizan un ajuste seguro y c\u00f3modo.<\/p>\n<p><strong>Las principales caracter\u00edsticas del IER-EX15C son:<\/strong><\/p>\n<ul>\n<li><strong>Conveniencia USB-C\u00ae: <\/strong>Compatible con la mayor\u00eda de los dispositivos USB-C\u00ae para una conexi\u00f3n instant\u00e1nea y confiable sin necesidad de carga.<\/li>\n<li><strong>Dise\u00f1o compacto y ligero:<\/strong> C\u00f3modos de llevar y f\u00e1ciles de transportar, con cuerpos peque\u00f1os y tres tama\u00f1os de almohadillas para un ajuste seguro.<\/li>\n<li><strong>Sonido de alta calidad:<\/strong> Unidad de controlador de 5 mm con diafragma de alta conformidad que ofrece bajos profundos y voces claras.<\/li>\n<li><strong>Control incorporado en l\u00ednea:<\/strong> Ajusta el volumen, reproduce\/pausa, silencia el micr\u00f3fono o responde llamadas con solo tocar un bot\u00f3n.<\/li>\n<\/ul>\n<ul>\n<li><strong>Cable resistente a enredos:<\/strong> El dise\u00f1o en forma de sierra ayuda a prevenir enredos para un uso f\u00e1cil en movimiento.<\/li>\n<li><strong>Opciones de color:<\/strong> Disponibles en negro, blanco, azul y rosa<a href=\"#_ftn1\" name=\"_ftnref1\">[1]<\/a>.<\/li>\n<li><strong>Con el medio ambiente en mente:<\/strong> En l\u00ednea con los esfuerzos de sostenibilidad continuos de Sony, el embalaje del IER-EX15C no contiene pl\u00e1stico, contribuyendo a los objetivos ambientales m\u00e1s amplios de la empresa.<\/li>\n<\/ul>\n<p>Para obtener m\u00e1s informaci\u00f3n acerca de precios y disponibilidad, visita: <a href=\"https:\/\/store.sony.com.mx\/\">https:\/\/store.sony.com.mx\/<\/a><\/p>\n<p><a href=\"#_ftnref1\" name=\"_ftn1\"><\/a><sup>1<\/sup>\u00a0La disponibilidad de colores puede variar seg\u00fan las regiones y los pa\u00edses.<\/p>\n<p><strong>Mariana Mondrag\u00f3n.<\/strong><\/p>\n<p>&nbsp;<\/p>\n","protected":false},"excerpt":{"rendered":"<p>Sony se complace en anunciar los nuevos aud\u00edfonos in-ear IER-EX15C USB-C\u00ae, dise\u00f1ados para ofrecer audio de alta calidad con la comodidad de conectar y usar. Con un controlador compacto de 5 mm que cuenta con un diafragma de alta conformidad, los aud\u00edfonos IER-EX15C proporcionan bajos profundos y voces claras en un dise\u00f1o peque\u00f1o y c\u00f3modo. [&hellip;]<\/p>\n","protected":false},"author":1,"featured_media":83562,"comment_status":"closed","ping_status":"open","sticky":false,"template":"","format":"standard","meta":{"rop_custom_images_group":[],"rop_custom_messages_group":[],"rop_publish_now":"initial","rop_publish_now_accounts":[],"rop_publish_now_history":[],"rop_publish_now_status":"pending","footnotes":""},"categories":[68,67,72,66],"tags":[23],"class_list":["post-83561","post","type-post","status-publish","format-standard","has-post-thumbnail","hentry","category-ciencia-tec","category-ciudad","category-estado","category-estilo-de-vida","tag-destacado"],"_links":{"self":[{"href":"https:\/\/notiissa.mx\/index.php?rest_route=\/wp\/v2\/posts\/83561","targetHints":{"allow":["GET"]}}],"collection":[{"href":"https:\/\/notiissa.mx\/index.php?rest_route=\/wp\/v2\/posts"}],"about":[{"href":"https:\/\/notiissa.mx\/index.php?rest_route=\/wp\/v2\/types\/post"}],"author":[{"embeddable":true,"href":"https:\/\/notiissa.mx\/index.php?rest_route=\/wp\/v2\/users\/1"}],"replies":[{"embeddable":true,"href":"https:\/\/notiissa.mx\/index.php?rest_route=%2Fwp%2Fv2%2Fcomments&post=83561"}],"version-history":[{"count":1,"href":"https:\/\/notiissa.mx\/index.php?rest_route=\/wp\/v2\/posts\/83561\/revisions"}],"predecessor-version":[{"id":83563,"href":"https:\/\/notiissa.mx\/index.php?rest_route=\/wp\/v2\/posts\/83561\/revisions\/83563"}],"wp:featuredmedia":[{"embeddable":true,"href":"https:\/\/notiissa.mx\/index.php?rest_route=\/wp\/v2\/media\/83562"}],"wp:attachment":[{"href":"https:\/\/notiissa.mx\/index.php?rest_route=%2Fwp%2Fv2%2Fmedia&parent=83561"}],"wp:term":[{"taxonomy":"category","embeddable":true,"href":"https:\/\/notiissa.mx\/index.php?rest_route=%2Fwp%2Fv2%2Fcategories&post=83561"},{"taxonomy":"post_tag","embeddable":true,"href":"https:\/\/notiissa.mx\/index.php?rest_route=%2Fwp%2Fv2%2Ftags&post=83561"}],"curies":[{"name":"wp","href":"https:\/\/api.w.org\/{rel}","templated":true}]}}