{"id":83353,"date":"2025-09-02T17:17:34","date_gmt":"2025-09-02T23:17:34","guid":{"rendered":"https:\/\/notiissa.mx\/?p=83353"},"modified":"2025-09-02T17:17:34","modified_gmt":"2025-09-02T23:17:34","slug":"reconocen-regidoras-del-pan-a-marco-bonilla-por-ser-pro-familia","status":"publish","type":"post","link":"https:\/\/notiissa.mx\/?p=83353","title":{"rendered":"Reconocen regidoras del PAN a Marco Bonilla por ser pro familia"},"content":{"rendered":"<p class=\"yiv0651874764MsoNormal\" style=\"text-align: left;\" align=\"center\"><strong>Se re\u00fanen con mujeres l\u00edderes de la comunidad.<\/strong><\/p>\n<p class=\"yiv0651874764MsoNormal\"><strong>Ciudad de Chihuahua.-<\/strong> Las regidoras del Partido Acci\u00f3n Nacional sostuvieron un encuentro con mujeres l\u00edderes de la ciudad de Chihuahua para dar a conocer las acciones y programas del gobierno Municipal que encabeza el alcalde Marco Bonilla, en materia de perspectiva familiar.<\/p>\n<p class=\"yiv0651874764MsoNormal\">Durante este encuentro, se dieron a conocer los alcances de programas orientados al apoyo a la econom\u00eda familiar, desarrollo de proyectos productivos, fomento a la sana convivencia, y otros que han tenido impacto positivo en la vida de las familias de nuestro municipio, todos ellos bajo la visi\u00f3n del alcalde de \u201cLa familia al centro y por la familia todo\u201d.<\/p>\n<p class=\"yiv0651874764MsoNormal\">En la reuni\u00f3n fue realizada en coordinaci\u00f3n con la Direcci\u00f3n de Desarrollo Humano, que dirige Mario Garc\u00eda, las regidoras, Isela Mart\u00ednez, Patricia Ulate, Joni Barajas, Myrna Monge y Lupita Borruel y la S\u00edndica Municipal, Olivia Franco.<\/p>\n<p class=\"yiv0651874764MsoNormal\">\u201cEstamos convencidas de que al igual que en una familia, en la gesti\u00f3n p\u00fablica se requiere escuchar, acompa\u00f1ar, proponer y tomar decisiones pensando en el bienestar com\u00fan\u201d dijo durante su intervenci\u00f3n la regidora Paty Ulate, presidenta de la Comisi\u00f3n de Mujer, Familia, Equidad de G\u00e9nero y Derechos de los Ni\u00f1os, Ni\u00f1as y Adolescentes.<\/p>\n<p class=\"yiv0651874764MsoNormal\">A su vez la Coordinadora de la fracci\u00f3n edilicia de Acci\u00f3n Nacional, Isela Mart\u00ednez refrend\u00f3 el compromiso del Gobierno Municipal de trabajar de la mano con las y los ciudadanos para fortalecer a las familias de Chihuahua, atendiendo la visi\u00f3n del Presidente Municipal de que \u201cFamilias fuertes, hacen comunidades fuertes\u201d.<\/p>\n<p class=\"yiv0651874764MsoNormal\">La regidora Joni Barajas, presidenta de la Comisi\u00f3n de Asociaciones Civiles Organizadas, Asuntos Religiosos y Comunidades Ind\u00edgenas, tuvo a su cargo presentar los programas m\u00e1s significativos del gobierno entre ellos la Universidad de las Mujeres, que pese a su reciente lanzamiento ha tenido una alta demanda de inscripciones.<\/p>\n","protected":false},"excerpt":{"rendered":"<p>Se re\u00fanen con mujeres l\u00edderes de la comunidad. Ciudad de Chihuahua.- Las regidoras del Partido Acci\u00f3n Nacional sostuvieron un encuentro con mujeres l\u00edderes de la ciudad de Chihuahua para dar a conocer las acciones y programas del gobierno Municipal que encabeza el alcalde Marco Bonilla, en materia de perspectiva familiar. Durante este encuentro, se dieron [&hellip;]<\/p>\n","protected":false},"author":1,"featured_media":83354,"comment_status":"closed","ping_status":"open","sticky":false,"template":"","format":"standard","meta":{"rop_custom_images_group":[],"rop_custom_messages_group":[],"rop_publish_now":"initial","rop_publish_now_accounts":[],"rop_publish_now_history":[],"rop_publish_now_status":"pending","footnotes":""},"categories":[67,72],"tags":[23],"class_list":["post-83353","post","type-post","status-publish","format-standard","has-post-thumbnail","hentry","category-ciudad","category-estado","tag-destacado"],"_links":{"self":[{"href":"https:\/\/notiissa.mx\/index.php?rest_route=\/wp\/v2\/posts\/83353","targetHints":{"allow":["GET"]}}],"collection":[{"href":"https:\/\/notiissa.mx\/index.php?rest_route=\/wp\/v2\/posts"}],"about":[{"href":"https:\/\/notiissa.mx\/index.php?rest_route=\/wp\/v2\/types\/post"}],"author":[{"embeddable":true,"href":"https:\/\/notiissa.mx\/index.php?rest_route=\/wp\/v2\/users\/1"}],"replies":[{"embeddable":true,"href":"https:\/\/notiissa.mx\/index.php?rest_route=%2Fwp%2Fv2%2Fcomments&post=83353"}],"version-history":[{"count":1,"href":"https:\/\/notiissa.mx\/index.php?rest_route=\/wp\/v2\/posts\/83353\/revisions"}],"predecessor-version":[{"id":83355,"href":"https:\/\/notiissa.mx\/index.php?rest_route=\/wp\/v2\/posts\/83353\/revisions\/83355"}],"wp:featuredmedia":[{"embeddable":true,"href":"https:\/\/notiissa.mx\/index.php?rest_route=\/wp\/v2\/media\/83354"}],"wp:attachment":[{"href":"https:\/\/notiissa.mx\/index.php?rest_route=%2Fwp%2Fv2%2Fmedia&parent=83353"}],"wp:term":[{"taxonomy":"category","embeddable":true,"href":"https:\/\/notiissa.mx\/index.php?rest_route=%2Fwp%2Fv2%2Fcategories&post=83353"},{"taxonomy":"post_tag","embeddable":true,"href":"https:\/\/notiissa.mx\/index.php?rest_route=%2Fwp%2Fv2%2Ftags&post=83353"}],"curies":[{"name":"wp","href":"https:\/\/api.w.org\/{rel}","templated":true}]}}