{"id":82959,"date":"2025-08-25T15:21:33","date_gmt":"2025-08-25T21:21:33","guid":{"rendered":"https:\/\/notiissa.mx\/?p=82959"},"modified":"2025-08-25T15:21:33","modified_gmt":"2025-08-25T21:21:33","slug":"va-pri-a-presidencia-del-congreso-luego-de-7-anos-de-no-ocuparla","status":"publish","type":"post","link":"https:\/\/notiissa.mx\/?p=82959","title":{"rendered":"Va PRI a Presidencia del Congreso luego de 7 a\u00f1os de no ocuparla"},"content":{"rendered":"<p><strong>\u201cAcuerdos s\u00ed; politiquer\u00eda no\u201d, anticipa Arturo Medina.<\/strong><\/p>\n<p><strong>Chihuahua.-<\/strong> Luego de que en Conferencia de Prensa, el Grupo Parlamentario del PRI y la dirigencia estatal de ese Partido, anunciaran al Diputado Guillermo Ram\u00edrez como su propuesta para presidir la Mesa Directiva del Congreso del Estado, el Coordinador de los priistas en el legislativo, advirti\u00f3 que el respeto a la pluralidad y la construcci\u00f3n de acuerdos ser\u00e1n los principios rectores de esta nueva etapa en el legislativo.<\/p>\n<p>Medina precis\u00f3 que la propuesta de que sea Ram\u00edrez quien ocupe la posici\u00f3n, surge de un trabajo de unidad entre todos los integrantes del Grupo Parlamentario y las dirigencias estatal y nacional del Partido; \u201cEl diputado Ram\u00edrez cuenta con todo nuestro respaldo, estaremos muy pendientes de que esta Presidencia que corresponde a nuestro Partido, sea un espacio para la construcci\u00f3n de acuerdos que impacten en la calidad de vida de las y los chihuahuenses, nuestro estado merece m\u00e1s que politiquer\u00eda est\u00e9ril\u201d, se\u00f1al\u00f3.<\/p>\n<p>El coordinador legislativo reconoci\u00f3 la apertura que hasta el momento han mostrado las dem\u00e1s fuerzas pol\u00edticas, misma que consider\u00f3 una base importante para la edificaci\u00f3n de una nueva etapa de di\u00e1logo en el Congreso.<\/p>\n<p>El priista estim\u00f3 que ser\u00eda el pr\u00f3ximo mi\u00e9rcoles 27 de agosto cuando la Junta de Coordinaci\u00f3n Pol\u00edtica se re\u00fana para analizar la propuesta y, en su caso, aprobar que sea Guillermo Ram\u00edrez quien ocupe la Presidencia de la Mesa Directiva.<\/p>\n<p>Esta es la primera vez que el PRI ocupar\u00e1 la Presidencia del Congreso luego de siete a\u00f1os de no hacerlo, por lo que Medina consider\u00f3 que el momento es reflejo de la representaci\u00f3n fiel que el tricolor hace de los intereses de ciudadanos y del fuerte reposicionamiento del Partido en el \u00e1mbito estatal.<\/p>\n<p>Finalmente, Medina reconoci\u00f3 en Ram\u00edrez un perfil preparado para desempe\u00f1ar esta responsabilidad y reiter\u00f3 que el Grupo Parlamentario estar\u00e1 acompa\u00f1\u00e1ndolo en esta etapa que visualizan como la oportunidad de darle eficiencia al trabajo legislativo y generar condiciones pol\u00edticas para el desarrollo de la entidad.<\/p>\n","protected":false},"excerpt":{"rendered":"<p>\u201cAcuerdos s\u00ed; politiquer\u00eda no\u201d, anticipa Arturo Medina. Chihuahua.- Luego de que en Conferencia de Prensa, el Grupo Parlamentario del PRI y la dirigencia estatal de ese Partido, anunciaran al Diputado Guillermo Ram\u00edrez como su propuesta para presidir la Mesa Directiva del Congreso del Estado, el Coordinador de los priistas en el legislativo, advirti\u00f3 que el [&hellip;]<\/p>\n","protected":false},"author":1,"featured_media":82960,"comment_status":"closed","ping_status":"open","sticky":false,"template":"","format":"standard","meta":{"rop_custom_images_group":[],"rop_custom_messages_group":[],"rop_publish_now":"initial","rop_publish_now_accounts":[],"rop_publish_now_history":[],"rop_publish_now_status":"pending","footnotes":""},"categories":[67,72],"tags":[23],"class_list":["post-82959","post","type-post","status-publish","format-standard","has-post-thumbnail","hentry","category-ciudad","category-estado","tag-destacado"],"_links":{"self":[{"href":"https:\/\/notiissa.mx\/index.php?rest_route=\/wp\/v2\/posts\/82959","targetHints":{"allow":["GET"]}}],"collection":[{"href":"https:\/\/notiissa.mx\/index.php?rest_route=\/wp\/v2\/posts"}],"about":[{"href":"https:\/\/notiissa.mx\/index.php?rest_route=\/wp\/v2\/types\/post"}],"author":[{"embeddable":true,"href":"https:\/\/notiissa.mx\/index.php?rest_route=\/wp\/v2\/users\/1"}],"replies":[{"embeddable":true,"href":"https:\/\/notiissa.mx\/index.php?rest_route=%2Fwp%2Fv2%2Fcomments&post=82959"}],"version-history":[{"count":1,"href":"https:\/\/notiissa.mx\/index.php?rest_route=\/wp\/v2\/posts\/82959\/revisions"}],"predecessor-version":[{"id":82961,"href":"https:\/\/notiissa.mx\/index.php?rest_route=\/wp\/v2\/posts\/82959\/revisions\/82961"}],"wp:featuredmedia":[{"embeddable":true,"href":"https:\/\/notiissa.mx\/index.php?rest_route=\/wp\/v2\/media\/82960"}],"wp:attachment":[{"href":"https:\/\/notiissa.mx\/index.php?rest_route=%2Fwp%2Fv2%2Fmedia&parent=82959"}],"wp:term":[{"taxonomy":"category","embeddable":true,"href":"https:\/\/notiissa.mx\/index.php?rest_route=%2Fwp%2Fv2%2Fcategories&post=82959"},{"taxonomy":"post_tag","embeddable":true,"href":"https:\/\/notiissa.mx\/index.php?rest_route=%2Fwp%2Fv2%2Ftags&post=82959"}],"curies":[{"name":"wp","href":"https:\/\/api.w.org\/{rel}","templated":true}]}}