{"id":82715,"date":"2025-08-18T15:39:52","date_gmt":"2025-08-18T21:39:52","guid":{"rendered":"https:\/\/notiissa.mx\/?p=82715"},"modified":"2025-08-18T15:39:52","modified_gmt":"2025-08-18T21:39:52","slug":"pausaran-actividades-cedefam-por-mantenimiento","status":"publish","type":"post","link":"https:\/\/notiissa.mx\/?p=82715","title":{"rendered":"Pausar\u00e1n actividades CEDEFAM por mantenimiento"},"content":{"rendered":"<p><strong>&#8211; A partir de este 18 de agosto, y abrir\u00e1n sus puertas el 1 de septiembre.<\/strong><\/p>\n<p><strong>Ciudad de Chihuahua.-<\/strong> El DIF municipal, informa a la ciudadan\u00eda en general que los 42 centros comunitarios y seis Centros de Desarrollo Familiar (CEDEFAM) pausar\u00e1n sus actividades a partir de este lunes 18 de agosto, reanud\u00e1ndose el lunes 1 de septiembre.<\/p>\n<p>Lo anterior con motivo de brindar mantenimiento integral a estos espacios, visitados diariamente por miles de familias chihuahuenses, as\u00ed como para capacitar al personal que forma parte de su operaci\u00f3n y atenci\u00f3n al p\u00fablico.<\/p>\n<p>Estos centros ofrecen una amplia variedad de actividades y servicios para todas las edades. Las familias pueden disfrutar de sus actividades favoritas, como clases de danza, m\u00fasica, manualidades, as\u00ed como deportes para ni\u00f1as, ni\u00f1os, j\u00f3venes y personas adultas.<\/p>\n<p>Algunos de ellos cuentan con un Club del Abuelo, espacio dedicado especialmente a personas mayores, donde pueden convivir, ejercitarse y participar en actividades que promueven una vida activa y saludable.<\/p>\n<p>Adem\u00e1s, se ofrecen servicios como atenci\u00f3n m\u00e9dica general, asesor\u00eda psicol\u00f3gica, consultas dentales y orientaci\u00f3n nutricional; as\u00ed como diversos apoyos sociales que contribuyen a mejorar las condiciones de vida de quienes m\u00e1s lo necesitan.<\/p>\n","protected":false},"excerpt":{"rendered":"<p>&#8211; A partir de este 18 de agosto, y abrir\u00e1n sus puertas el 1 de septiembre. Ciudad de Chihuahua.- El DIF municipal, informa a la ciudadan\u00eda en general que los 42 centros comunitarios y seis Centros de Desarrollo Familiar (CEDEFAM) pausar\u00e1n sus actividades a partir de este lunes 18 de agosto, reanud\u00e1ndose el lunes 1 [&hellip;]<\/p>\n","protected":false},"author":1,"featured_media":82716,"comment_status":"closed","ping_status":"open","sticky":false,"template":"","format":"standard","meta":{"rop_custom_images_group":[],"rop_custom_messages_group":[],"rop_publish_now":"initial","rop_publish_now_accounts":[],"rop_publish_now_history":[],"rop_publish_now_status":"pending","footnotes":""},"categories":[67,72],"tags":[],"class_list":["post-82715","post","type-post","status-publish","format-standard","has-post-thumbnail","hentry","category-ciudad","category-estado"],"_links":{"self":[{"href":"https:\/\/notiissa.mx\/index.php?rest_route=\/wp\/v2\/posts\/82715","targetHints":{"allow":["GET"]}}],"collection":[{"href":"https:\/\/notiissa.mx\/index.php?rest_route=\/wp\/v2\/posts"}],"about":[{"href":"https:\/\/notiissa.mx\/index.php?rest_route=\/wp\/v2\/types\/post"}],"author":[{"embeddable":true,"href":"https:\/\/notiissa.mx\/index.php?rest_route=\/wp\/v2\/users\/1"}],"replies":[{"embeddable":true,"href":"https:\/\/notiissa.mx\/index.php?rest_route=%2Fwp%2Fv2%2Fcomments&post=82715"}],"version-history":[{"count":1,"href":"https:\/\/notiissa.mx\/index.php?rest_route=\/wp\/v2\/posts\/82715\/revisions"}],"predecessor-version":[{"id":82717,"href":"https:\/\/notiissa.mx\/index.php?rest_route=\/wp\/v2\/posts\/82715\/revisions\/82717"}],"wp:featuredmedia":[{"embeddable":true,"href":"https:\/\/notiissa.mx\/index.php?rest_route=\/wp\/v2\/media\/82716"}],"wp:attachment":[{"href":"https:\/\/notiissa.mx\/index.php?rest_route=%2Fwp%2Fv2%2Fmedia&parent=82715"}],"wp:term":[{"taxonomy":"category","embeddable":true,"href":"https:\/\/notiissa.mx\/index.php?rest_route=%2Fwp%2Fv2%2Fcategories&post=82715"},{"taxonomy":"post_tag","embeddable":true,"href":"https:\/\/notiissa.mx\/index.php?rest_route=%2Fwp%2Fv2%2Ftags&post=82715"}],"curies":[{"name":"wp","href":"https:\/\/api.w.org\/{rel}","templated":true}]}}