{"id":81595,"date":"2025-07-23T14:57:05","date_gmt":"2025-07-23T20:57:05","guid":{"rendered":"https:\/\/notiissa.mx\/?p=81595"},"modified":"2025-07-23T14:57:05","modified_gmt":"2025-07-23T20:57:05","slug":"obtienen-estudiantes-chihuahuenses-2do-lugar-en-concurso-de-ingles","status":"publish","type":"post","link":"https:\/\/notiissa.mx\/?p=81595","title":{"rendered":"Obtienen estudiantes chihuahuenses 2do. lugar en concurso de ingl\u00e9s"},"content":{"rendered":"<p><strong>Chihuahua.-<\/strong> Jayla Mar\u00eda Ruiz y Bryan David P\u00e9rez Arana, estudiantes de la Primaria Estatal Mar\u00eda Guadalupe Quintanilla No.2258 de Buenaventura, obtuvieron el segundo lugar nacional en la \u201cFeria de las Culturas: Relatos de Identidad 2025\u201d.<\/p>\n<p>El evento se llev\u00f3 a cabo en la Ciudad de M\u00e9xico, y fue organizado por el Programa Nacional de Ingl\u00e9s (PRONI), el cual forma parte de los esfuerzos por fortalecer el aprendizaje del lenguaje desde un enfoque intercultural.<\/p>\n<p>Los estudiantes presentaron junto con su asesor educativo, Luis Carlos Reyes Betancourt, un cuento original en ingl\u00e9s, inspirado en la agilidad y resistencia de los corredores rar\u00e1muri de la Sierra Tarahumara.<\/p>\n<p>Como complemento a su narraci\u00f3n, elaboraron un mural realizado con materiales reciclados y tela tradicional tarahumara, para dar un toque aut\u00e9ntico y art\u00edstico a su presentaci\u00f3n.<\/p>\n<p>Adem\u00e1s estuvieron acompa\u00f1ados de la coordinadora local del PRONI en Chihuahua, Martha Lorena Ortiz Noriega, y la coordinadora acad\u00e9mica, Alejandra Enr\u00edquez Arvizuo.<\/p>\n<p>Los participantes calificaron la experiencia como enriquecedora, significativa y formativa, al permitir el intercambio cultural entre ni\u00f1as y ni\u00f1os de todo el pa\u00eds, para fortalecer al mismo tiempo el uso de una segunda lengua en contextos significativos.<\/p>\n","protected":false},"excerpt":{"rendered":"<p>Chihuahua.- Jayla Mar\u00eda Ruiz y Bryan David P\u00e9rez Arana, estudiantes de la Primaria Estatal Mar\u00eda Guadalupe Quintanilla No.2258 de Buenaventura, obtuvieron el segundo lugar nacional en la \u201cFeria de las Culturas: Relatos de Identidad 2025\u201d. El evento se llev\u00f3 a cabo en la Ciudad de M\u00e9xico, y fue organizado por el Programa Nacional de Ingl\u00e9s [&hellip;]<\/p>\n","protected":false},"author":1,"featured_media":81596,"comment_status":"closed","ping_status":"open","sticky":false,"template":"","format":"standard","meta":{"rop_custom_images_group":[],"rop_custom_messages_group":[],"rop_publish_now":"initial","rop_publish_now_accounts":[],"rop_publish_now_history":[],"rop_publish_now_status":"pending","footnotes":""},"categories":[67,72],"tags":[23],"class_list":["post-81595","post","type-post","status-publish","format-standard","has-post-thumbnail","hentry","category-ciudad","category-estado","tag-destacado"],"_links":{"self":[{"href":"https:\/\/notiissa.mx\/index.php?rest_route=\/wp\/v2\/posts\/81595","targetHints":{"allow":["GET"]}}],"collection":[{"href":"https:\/\/notiissa.mx\/index.php?rest_route=\/wp\/v2\/posts"}],"about":[{"href":"https:\/\/notiissa.mx\/index.php?rest_route=\/wp\/v2\/types\/post"}],"author":[{"embeddable":true,"href":"https:\/\/notiissa.mx\/index.php?rest_route=\/wp\/v2\/users\/1"}],"replies":[{"embeddable":true,"href":"https:\/\/notiissa.mx\/index.php?rest_route=%2Fwp%2Fv2%2Fcomments&post=81595"}],"version-history":[{"count":1,"href":"https:\/\/notiissa.mx\/index.php?rest_route=\/wp\/v2\/posts\/81595\/revisions"}],"predecessor-version":[{"id":81597,"href":"https:\/\/notiissa.mx\/index.php?rest_route=\/wp\/v2\/posts\/81595\/revisions\/81597"}],"wp:featuredmedia":[{"embeddable":true,"href":"https:\/\/notiissa.mx\/index.php?rest_route=\/wp\/v2\/media\/81596"}],"wp:attachment":[{"href":"https:\/\/notiissa.mx\/index.php?rest_route=%2Fwp%2Fv2%2Fmedia&parent=81595"}],"wp:term":[{"taxonomy":"category","embeddable":true,"href":"https:\/\/notiissa.mx\/index.php?rest_route=%2Fwp%2Fv2%2Fcategories&post=81595"},{"taxonomy":"post_tag","embeddable":true,"href":"https:\/\/notiissa.mx\/index.php?rest_route=%2Fwp%2Fv2%2Ftags&post=81595"}],"curies":[{"name":"wp","href":"https:\/\/api.w.org\/{rel}","templated":true}]}}