{"id":81591,"date":"2025-07-23T14:16:13","date_gmt":"2025-07-23T20:16:13","guid":{"rendered":"https:\/\/notiissa.mx\/?p=81591"},"modified":"2025-07-23T14:16:13","modified_gmt":"2025-07-23T20:16:13","slug":"realizan-jornada-de-reforestacion-en-guachochi","status":"publish","type":"post","link":"https:\/\/notiissa.mx\/?p=81591","title":{"rendered":"Realizan jornada de reforestaci\u00f3n en Guachochi"},"content":{"rendered":"<p><strong>Guachochi, Chihuahua.-<\/strong> La Universidad Tecnol\u00f3gica de la Tarahumara y el Instituto Chihuahuense de la Juventud (Ichijuv) llevaron a cabo una jornada de reforestaci\u00f3n, en las instalaciones del Centro de Integraci\u00f3n Social (CIS) Er\u00e9ndira en Guachochi.<\/p>\n<p>Durante esta actividad, se cont\u00f3 con la participaci\u00f3n del alumnado de los diferentes programas educativos que oferta la instituci\u00f3n, quienes se sumaron al compromiso ambiental al plantar \u00e1rboles nativos de la regi\u00f3n.<\/p>\n<p>Lo anterior, con el objetivo de contribuir al mejoramiento de los espacios verdes y la conciencia ecol\u00f3gica en la comunidad.<\/p>\n<p>La jornada estuvo encabezada por el rector de la UT Tarahumara, Carlos Servando Ch\u00e1vez Tiznado y por la directora general del Ichijuv, Fernanda Mart\u00ednez, quienes reconocieron la importancia de trabajar para fortalecer el liderazgo juvenil y fomentar la cultura de la sustentabilidad.<\/p>\n<p>Coincidieron en que esta iniciativa es un paso m\u00e1s en la colaboraci\u00f3n entre ambas instituciones para impulsar el desarrollo comunitario, la responsabilidad social y el respeto al entorno natural, pilares fundamentales en la formaci\u00f3n integral de las y los j\u00f3venes chihuahuenses.<\/p>\n","protected":false},"excerpt":{"rendered":"<p>Guachochi, Chihuahua.- La Universidad Tecnol\u00f3gica de la Tarahumara y el Instituto Chihuahuense de la Juventud (Ichijuv) llevaron a cabo una jornada de reforestaci\u00f3n, en las instalaciones del Centro de Integraci\u00f3n Social (CIS) Er\u00e9ndira en Guachochi. Durante esta actividad, se cont\u00f3 con la participaci\u00f3n del alumnado de los diferentes programas educativos que oferta la instituci\u00f3n, quienes [&hellip;]<\/p>\n","protected":false},"author":1,"featured_media":81592,"comment_status":"closed","ping_status":"open","sticky":false,"template":"","format":"standard","meta":{"rop_custom_images_group":[],"rop_custom_messages_group":[],"rop_publish_now":"initial","rop_publish_now_accounts":[],"rop_publish_now_history":[],"rop_publish_now_status":"pending","footnotes":""},"categories":[67,64,72],"tags":[23],"class_list":["post-81591","post","type-post","status-publish","format-standard","has-post-thumbnail","hentry","category-ciudad","category-educacion","category-estado","tag-destacado"],"_links":{"self":[{"href":"https:\/\/notiissa.mx\/index.php?rest_route=\/wp\/v2\/posts\/81591","targetHints":{"allow":["GET"]}}],"collection":[{"href":"https:\/\/notiissa.mx\/index.php?rest_route=\/wp\/v2\/posts"}],"about":[{"href":"https:\/\/notiissa.mx\/index.php?rest_route=\/wp\/v2\/types\/post"}],"author":[{"embeddable":true,"href":"https:\/\/notiissa.mx\/index.php?rest_route=\/wp\/v2\/users\/1"}],"replies":[{"embeddable":true,"href":"https:\/\/notiissa.mx\/index.php?rest_route=%2Fwp%2Fv2%2Fcomments&post=81591"}],"version-history":[{"count":1,"href":"https:\/\/notiissa.mx\/index.php?rest_route=\/wp\/v2\/posts\/81591\/revisions"}],"predecessor-version":[{"id":81593,"href":"https:\/\/notiissa.mx\/index.php?rest_route=\/wp\/v2\/posts\/81591\/revisions\/81593"}],"wp:featuredmedia":[{"embeddable":true,"href":"https:\/\/notiissa.mx\/index.php?rest_route=\/wp\/v2\/media\/81592"}],"wp:attachment":[{"href":"https:\/\/notiissa.mx\/index.php?rest_route=%2Fwp%2Fv2%2Fmedia&parent=81591"}],"wp:term":[{"taxonomy":"category","embeddable":true,"href":"https:\/\/notiissa.mx\/index.php?rest_route=%2Fwp%2Fv2%2Fcategories&post=81591"},{"taxonomy":"post_tag","embeddable":true,"href":"https:\/\/notiissa.mx\/index.php?rest_route=%2Fwp%2Fv2%2Ftags&post=81591"}],"curies":[{"name":"wp","href":"https:\/\/api.w.org\/{rel}","templated":true}]}}