{"id":80335,"date":"2025-06-28T17:41:17","date_gmt":"2025-06-28T23:41:17","guid":{"rendered":"https:\/\/notiissa.mx\/?p=80335"},"modified":"2025-06-28T17:41:17","modified_gmt":"2025-06-28T23:41:17","slug":"mariana-alvarez-nueva-reina-de-meoqui-2025","status":"publish","type":"post","link":"https:\/\/notiissa.mx\/?p=80335","title":{"rendered":"Mariana \u00c1lvarez, nueva Reina de Meoqui 2025"},"content":{"rendered":"<p><strong>Se corona Azucena Anaya como Princesa.<\/strong><\/p>\n<p><strong>Meoqui, Chihuahua.-<\/strong> Mariana \u00c1lvarez se convirti\u00f3 en la nueva Reina de la Feria San Pedro y San Pablo Meoqui 2025, mientras que Azucena Anaya se coron\u00f3 como la Princesa Real al culminar con \u00e9xito el certamen que, m\u00e1s all\u00e1 de ser un concurso de belleza, represent\u00f3 un proceso de transformaci\u00f3n y crecimiento personal para todas las participantes.<\/p>\n<p>As\u00ed lo expres\u00f3 Nore Hern\u00e1ndez, presidenta del DIF Municipal, quien se dijo emocionada y orgullosa por el trabajo realizado por las j\u00f3venes durante semanas de preparaci\u00f3n: \u201cCuando iniciamos con este proyecto, en la primera reuni\u00f3n, llegaron unas ni\u00f1as completamente diferentes a las que vimos en la final. Este no fue solo un certamen de belleza, fue un periodo donde se prepararon much\u00edsimo, crecieron, hicieron amistades\u201d, comparti\u00f3.<\/p>\n<p>La presidenta mencion\u00f3 uno de los momentos m\u00e1s emotivos del evento fue la din\u00e1mica del reto de simpat\u00eda, donde las concursantes deb\u00edan elegir a dos compa\u00f1eras que consideraban merecedoras del reconocimiento. El resultado fue inesperado y revelador: todas resultaron ganadoras, evidenciando el esp\u00edritu de unidad y solidaridad que se gener\u00f3 entre ellas. \u201cEso habla del compa\u00f1erismo, del trabajo que hicieron en equipo y de todo lo que se llevan: crecimiento y grandes amistades\u201d, a\u00f1adi\u00f3.<\/p>\n<p>&nbsp;<\/p>\n","protected":false},"excerpt":{"rendered":"<p>Se corona Azucena Anaya como Princesa. Meoqui, Chihuahua.- Mariana \u00c1lvarez se convirti\u00f3 en la nueva Reina de la Feria San Pedro y San Pablo Meoqui 2025, mientras que Azucena Anaya se coron\u00f3 como la Princesa Real al culminar con \u00e9xito el certamen que, m\u00e1s all\u00e1 de ser un concurso de belleza, represent\u00f3 un proceso de [&hellip;]<\/p>\n","protected":false},"author":1,"featured_media":80336,"comment_status":"closed","ping_status":"open","sticky":false,"template":"","format":"standard","meta":{"rop_custom_images_group":[],"rop_custom_messages_group":[],"rop_publish_now":"initial","rop_publish_now_accounts":[],"rop_publish_now_history":[],"rop_publish_now_status":"pending","footnotes":""},"categories":[67,70,72],"tags":[23],"class_list":["post-80335","post","type-post","status-publish","format-standard","has-post-thumbnail","hentry","category-ciudad","category-espectaculos","category-estado","tag-destacado"],"_links":{"self":[{"href":"https:\/\/notiissa.mx\/index.php?rest_route=\/wp\/v2\/posts\/80335","targetHints":{"allow":["GET"]}}],"collection":[{"href":"https:\/\/notiissa.mx\/index.php?rest_route=\/wp\/v2\/posts"}],"about":[{"href":"https:\/\/notiissa.mx\/index.php?rest_route=\/wp\/v2\/types\/post"}],"author":[{"embeddable":true,"href":"https:\/\/notiissa.mx\/index.php?rest_route=\/wp\/v2\/users\/1"}],"replies":[{"embeddable":true,"href":"https:\/\/notiissa.mx\/index.php?rest_route=%2Fwp%2Fv2%2Fcomments&post=80335"}],"version-history":[{"count":1,"href":"https:\/\/notiissa.mx\/index.php?rest_route=\/wp\/v2\/posts\/80335\/revisions"}],"predecessor-version":[{"id":80337,"href":"https:\/\/notiissa.mx\/index.php?rest_route=\/wp\/v2\/posts\/80335\/revisions\/80337"}],"wp:featuredmedia":[{"embeddable":true,"href":"https:\/\/notiissa.mx\/index.php?rest_route=\/wp\/v2\/media\/80336"}],"wp:attachment":[{"href":"https:\/\/notiissa.mx\/index.php?rest_route=%2Fwp%2Fv2%2Fmedia&parent=80335"}],"wp:term":[{"taxonomy":"category","embeddable":true,"href":"https:\/\/notiissa.mx\/index.php?rest_route=%2Fwp%2Fv2%2Fcategories&post=80335"},{"taxonomy":"post_tag","embeddable":true,"href":"https:\/\/notiissa.mx\/index.php?rest_route=%2Fwp%2Fv2%2Ftags&post=80335"}],"curies":[{"name":"wp","href":"https:\/\/api.w.org\/{rel}","templated":true}]}}