{"id":80325,"date":"2025-06-28T08:50:50","date_gmt":"2025-06-28T14:50:50","guid":{"rendered":"https:\/\/notiissa.mx\/?p=80325"},"modified":"2025-06-28T08:50:50","modified_gmt":"2025-06-28T14:50:50","slug":"vamos-por-una-cedh-independiente-y-autonoma-estrada","status":"publish","type":"post","link":"https:\/\/notiissa.mx\/?p=80325","title":{"rendered":"Vamos por una CEDH independiente y aut\u00f3noma: Estrada"},"content":{"rendered":"<p><strong>Ciudad Ju\u00e1rez, Chihuahua.- C<\/strong>uauht\u00e9moc Estrada, coordinador del Grupo Parlamentario de Morena en el Congreso local, agradeci\u00f3 la participaci\u00f3n ciudadana en las ocho mesas de trabajo realizadas en torno a la iniciativa de reforma que busca modificar el proceso para elegir a quien presida la Comisi\u00f3n Estatal de los Derechos Humanos (CEDH) y sus distintas visitadur\u00edas.<\/p>\n<p>El legislador morenista reconoci\u00f3 la pluralidad ideol\u00f3gica y la libertad con la que ciudadanas y ciudadanos participaron en las mesas de propuestas y an\u00e1lisis, celebradas como parte del Foro de An\u00e1lisis por una Verdadera Comisi\u00f3n Estatal de los Derechos Humanos.<\/p>\n<p>\u201cVenimos de un r\u00e9gimen muy acostumbrado a que unas cuantas personas \u2014porque as\u00ed lo dispon\u00eda la ley\u2014 tomaran decisiones que afectaban a toda la sociedad\u201d, se\u00f1al\u00f3 el legislador, destacando que hoy existe una evoluci\u00f3n en la participaci\u00f3n ciudadana, con ejemplos claros como el programa Presupuesto Participativo y este nuevo foro de di\u00e1logo.<\/p>\n<p>El foro se llev\u00f3 a cabo en el Instituto Tecnol\u00f3gico Nacional de M\u00e9xico, campus Ciudad Ju\u00e1rez, y, seg\u00fan inform\u00f3 Estrada, tambi\u00e9n se replicar\u00e1 en otras ciudades del estado. \u201cEstamos analizando una iniciativa que busca vincular a la sociedad civil, a esa sociedad derechohumanista compuesta por personas, colectivos y asociaciones que todos los d\u00edas defienden y promueven los derechos humanos\u201d, puntualiz\u00f3.<\/p>\n<p>Finalmente, subray\u00f3 que el objetivo de la bancada de Morena es establecer un marco normativo que permita que la elecci\u00f3n de la presidencia y las visitadur\u00edas de la CEDH no recaiga exclusivamente en las y los diputados, sino que sea resultado de un mecanismo ciudadano, guiado desde el Congreso pero basado en la participaci\u00f3n de la sociedad.<\/p>\n","protected":false},"excerpt":{"rendered":"<p>Ciudad Ju\u00e1rez, Chihuahua.- Cuauht\u00e9moc Estrada, coordinador del Grupo Parlamentario de Morena en el Congreso local, agradeci\u00f3 la participaci\u00f3n ciudadana en las ocho mesas de trabajo realizadas en torno a la iniciativa de reforma que busca modificar el proceso para elegir a quien presida la Comisi\u00f3n Estatal de los Derechos Humanos (CEDH) y sus distintas visitadur\u00edas. [&hellip;]<\/p>\n","protected":false},"author":1,"featured_media":80326,"comment_status":"closed","ping_status":"open","sticky":false,"template":"","format":"standard","meta":{"rop_custom_images_group":[],"rop_custom_messages_group":[],"rop_publish_now":"initial","rop_publish_now_accounts":[],"rop_publish_now_history":[],"rop_publish_now_status":"pending","footnotes":""},"categories":[67,72],"tags":[],"class_list":["post-80325","post","type-post","status-publish","format-standard","has-post-thumbnail","hentry","category-ciudad","category-estado"],"_links":{"self":[{"href":"https:\/\/notiissa.mx\/index.php?rest_route=\/wp\/v2\/posts\/80325","targetHints":{"allow":["GET"]}}],"collection":[{"href":"https:\/\/notiissa.mx\/index.php?rest_route=\/wp\/v2\/posts"}],"about":[{"href":"https:\/\/notiissa.mx\/index.php?rest_route=\/wp\/v2\/types\/post"}],"author":[{"embeddable":true,"href":"https:\/\/notiissa.mx\/index.php?rest_route=\/wp\/v2\/users\/1"}],"replies":[{"embeddable":true,"href":"https:\/\/notiissa.mx\/index.php?rest_route=%2Fwp%2Fv2%2Fcomments&post=80325"}],"version-history":[{"count":1,"href":"https:\/\/notiissa.mx\/index.php?rest_route=\/wp\/v2\/posts\/80325\/revisions"}],"predecessor-version":[{"id":80327,"href":"https:\/\/notiissa.mx\/index.php?rest_route=\/wp\/v2\/posts\/80325\/revisions\/80327"}],"wp:featuredmedia":[{"embeddable":true,"href":"https:\/\/notiissa.mx\/index.php?rest_route=\/wp\/v2\/media\/80326"}],"wp:attachment":[{"href":"https:\/\/notiissa.mx\/index.php?rest_route=%2Fwp%2Fv2%2Fmedia&parent=80325"}],"wp:term":[{"taxonomy":"category","embeddable":true,"href":"https:\/\/notiissa.mx\/index.php?rest_route=%2Fwp%2Fv2%2Fcategories&post=80325"},{"taxonomy":"post_tag","embeddable":true,"href":"https:\/\/notiissa.mx\/index.php?rest_route=%2Fwp%2Fv2%2Ftags&post=80325"}],"curies":[{"name":"wp","href":"https:\/\/api.w.org\/{rel}","templated":true}]}}