{"id":80299,"date":"2025-06-27T14:30:25","date_gmt":"2025-06-27T20:30:25","guid":{"rendered":"https:\/\/notiissa.mx\/?p=80299"},"modified":"2025-06-27T14:30:25","modified_gmt":"2025-06-27T20:30:25","slug":"al-exgobernador-duarte-ni-perdon-ni-olvido-alfredo-chavez","status":"publish","type":"post","link":"https:\/\/notiissa.mx\/?p=80299","title":{"rendered":"Al exgobernador Duarte, ni perd\u00f3n ni olvido: Alfredo Ch\u00e1vez"},"content":{"rendered":"<p><strong>Los chihuahuenses tenemos memoria.<\/strong><\/p>\n<p><strong>Chihuahua.-<\/strong> El coordinador del Grupo Parlamentario del PAN en el Congreso local, Alfredo Ch\u00e1vez Madrid, reconoci\u00f3 el trabajo de la Fiscal\u00eda General del Estado en el seguimiento jur\u00eddico al caso del exgobernador C\u00e9sar Duarte, al destacar que gracias a esta labor se han sostenido las \u00f3rdenes de aprehensi\u00f3n y el proceso de extradici\u00f3n ante las instancias correspondientes. Fue esta Fiscal\u00eda \u2014y no la anterior\u2014 la que gestion\u00f3 y concret\u00f3 la extradici\u00f3n, gir\u00f3 nuevas \u00f3rdenes y contin\u00faa los procesos con sustento legal.<\/p>\n<p>Posteriormente, el legislador panista cuestion\u00f3 que el exmandatario Javier Corral utilice hoy el tema con fines pol\u00edticos, cuando durante su gesti\u00f3n no concret\u00f3 acciones legales eficaces. \u201cNi el pinto ni el colorado: uno por ser acusado de peculado, el otro por su incompetencia e ineptitud. Ambos le fallaron a Chihuahua. Lo bueno es que ya se acabaron\u201d, afirm\u00f3.<\/p>\n<p>Ch\u00e1vez Madrid recalc\u00f3 que el actual gobierno ha actuado con respeto a la ley y sin convertir la justicia en un instrumento pol\u00edtico. Subray\u00f3 que es inadmisible que no se explique la adquisici\u00f3n de tantas propiedades por parte del exgobernador, ni el estado financiero en que dej\u00f3 la administraci\u00f3n. Asegur\u00f3 que el PAN se mantendr\u00e1 firme en la defensa del Estado de Derecho y no permitir\u00e1 que este caso sea usado como cortina de humo para desviar la atenci\u00f3n de los problemas actuales.<\/p>\n<p>\u201cDuarte, ni perd\u00f3n ni olvido. Los chihuahuenses no olvidan el da\u00f1o y tampoco se tragan cuentos. Aqu\u00ed no se va a permitir que el pasado se use como bandera cuando en su momento no hicieron nada. Nosotros le apostamos a la justicia con ley, no a la litigaci\u00f3n desde los medios, como lo ha hecho Javier Corral, cuya ignorancia del Derecho y su ineficacia en la administraci\u00f3n de justicia es lo que hoy tiene a Duarte libre\u201d, concluy\u00f3\u00a0el\u00a0diputado.<\/p>\n","protected":false},"excerpt":{"rendered":"<p>Los chihuahuenses tenemos memoria. Chihuahua.- El coordinador del Grupo Parlamentario del PAN en el Congreso local, Alfredo Ch\u00e1vez Madrid, reconoci\u00f3 el trabajo de la Fiscal\u00eda General del Estado en el seguimiento jur\u00eddico al caso del exgobernador C\u00e9sar Duarte, al destacar que gracias a esta labor se han sostenido las \u00f3rdenes de aprehensi\u00f3n y el proceso [&hellip;]<\/p>\n","protected":false},"author":1,"featured_media":80300,"comment_status":"closed","ping_status":"open","sticky":false,"template":"","format":"standard","meta":{"rop_custom_images_group":[],"rop_custom_messages_group":[],"rop_publish_now":"initial","rop_publish_now_accounts":[],"rop_publish_now_history":[],"rop_publish_now_status":"pending","footnotes":""},"categories":[67,72],"tags":[23],"class_list":["post-80299","post","type-post","status-publish","format-standard","has-post-thumbnail","hentry","category-ciudad","category-estado","tag-destacado"],"_links":{"self":[{"href":"https:\/\/notiissa.mx\/index.php?rest_route=\/wp\/v2\/posts\/80299","targetHints":{"allow":["GET"]}}],"collection":[{"href":"https:\/\/notiissa.mx\/index.php?rest_route=\/wp\/v2\/posts"}],"about":[{"href":"https:\/\/notiissa.mx\/index.php?rest_route=\/wp\/v2\/types\/post"}],"author":[{"embeddable":true,"href":"https:\/\/notiissa.mx\/index.php?rest_route=\/wp\/v2\/users\/1"}],"replies":[{"embeddable":true,"href":"https:\/\/notiissa.mx\/index.php?rest_route=%2Fwp%2Fv2%2Fcomments&post=80299"}],"version-history":[{"count":1,"href":"https:\/\/notiissa.mx\/index.php?rest_route=\/wp\/v2\/posts\/80299\/revisions"}],"predecessor-version":[{"id":80301,"href":"https:\/\/notiissa.mx\/index.php?rest_route=\/wp\/v2\/posts\/80299\/revisions\/80301"}],"wp:featuredmedia":[{"embeddable":true,"href":"https:\/\/notiissa.mx\/index.php?rest_route=\/wp\/v2\/media\/80300"}],"wp:attachment":[{"href":"https:\/\/notiissa.mx\/index.php?rest_route=%2Fwp%2Fv2%2Fmedia&parent=80299"}],"wp:term":[{"taxonomy":"category","embeddable":true,"href":"https:\/\/notiissa.mx\/index.php?rest_route=%2Fwp%2Fv2%2Fcategories&post=80299"},{"taxonomy":"post_tag","embeddable":true,"href":"https:\/\/notiissa.mx\/index.php?rest_route=%2Fwp%2Fv2%2Ftags&post=80299"}],"curies":[{"name":"wp","href":"https:\/\/api.w.org\/{rel}","templated":true}]}}