{"id":80296,"date":"2025-06-27T14:12:03","date_gmt":"2025-06-27T20:12:03","guid":{"rendered":"https:\/\/notiissa.mx\/?p=80296"},"modified":"2025-06-27T14:12:03","modified_gmt":"2025-06-27T20:12:03","slug":"asiste-myrna-monge-a-graduacion-de-la-primaria-24-de-febrero","status":"publish","type":"post","link":"https:\/\/notiissa.mx\/?p=80296","title":{"rendered":"Asiste Myrna Monge a graduaci\u00f3n de la primaria \u00ab24 de Febrero\u00bb"},"content":{"rendered":"<p><strong>&#8211; Celebr\u00f3 junto a estudiantes de sexto grado la culminaci\u00f3n de sus estudios primarios.<\/strong><\/p>\n<p><strong>Ciudad de Chihuahua.- <\/strong>La Regidora Myrna Monge acudi\u00f3\u00a0 a la ceremonia de graduaci\u00f3n de la generaci\u00f3n 2019-2025 de la Escuela Primaria \u00ab24 de Febrero 2345\u00bb, celebrada en el Paraninfo de la Universidad Aut\u00f3noma de Chihuahua, donde comparti\u00f3 con las ni\u00f1as y ni\u00f1os de sexto grado el emotivo momento de sus vidas acad\u00e9micas.<\/p>\n<p>La Regidora y presidenta de la Comisi\u00f3n de Educaci\u00f3n del Ayuntamiento de Chihuahua, fue testigo del momento en que los estudiantes recibieron sus constancias de culminaci\u00f3n de estudios, reconociendo el esfuerzo y dedicaci\u00f3n que han demostrado durante sus seis a\u00f1os de formaci\u00f3n primaria.<\/p>\n<p>La ceremonia se desarroll\u00f3 en un ambiente lleno de emociones y alegr\u00eda, donde destac\u00f3 la participaci\u00f3n del Grupo Folcl\u00f3rico de la instituci\u00f3n, cuyos integrantes ofrecieron una presentaci\u00f3n de bailes folkl\u00f3ricos ejecutados con gran calidad art\u00edstica, a\u00f1adiendo un toque cultural y festivo a esta importante celebraci\u00f3n.<\/p>\n<p>Acompa\u00f1\u00f3 a los integrantes del Pres\u00eddium: Subdirector de la Direcci\u00f3n de Desarrollo Humano y Educaci\u00f3n del Gobierno Municipal de Chihuahua Carlos Daniel Rodr\u00edguez Casta\u00f1eda; Alberto V\u00e1squez Inspector de la Zona Escolar; Pablo Vega Valencia; Francisco Villanueva Asesor T\u00e9cnico Pedag\u00f3gico de la Zona Escolar; Mariano Leyva Valencia; Karina Ochoa Hern\u00e1ndez presidenta de la Mesa Directiva de la escuela; Estela Sandoval Baca directora de la primaria \u201c24 de Febrero\u201d entre otros.<\/p>\n<p>\u00abEs un honor acompa\u00f1ar a estos ni\u00f1os y ni\u00f1as en un momento tan significativo de sus vidas. La educaci\u00f3n es la base del desarrollo de nuestra comunidad, y ver a estos estudiantes culminar exitosamente su educaci\u00f3n primaria nos llena de esperanza y orgullo\u00bb, expres\u00f3 la Regidora Monge durante el evento.<\/p>\n<p>La graduaci\u00f3n representa no solo el cierre de una etapa educativa, sino tambi\u00e9n el inicio de nuevos desaf\u00edos acad\u00e9micos para estos j\u00f3venes estudiantes, quienes ahora se preparan para continuar su formaci\u00f3n en el nivel secundario.<\/p>\n<p>&nbsp;<\/p>\n","protected":false},"excerpt":{"rendered":"<p>&#8211; Celebr\u00f3 junto a estudiantes de sexto grado la culminaci\u00f3n de sus estudios primarios. Ciudad de Chihuahua.- La Regidora Myrna Monge acudi\u00f3\u00a0 a la ceremonia de graduaci\u00f3n de la generaci\u00f3n 2019-2025 de la Escuela Primaria \u00ab24 de Febrero 2345\u00bb, celebrada en el Paraninfo de la Universidad Aut\u00f3noma de Chihuahua, donde comparti\u00f3 con las ni\u00f1as y [&hellip;]<\/p>\n","protected":false},"author":1,"featured_media":80297,"comment_status":"closed","ping_status":"open","sticky":false,"template":"","format":"standard","meta":{"rop_custom_images_group":[],"rop_custom_messages_group":[],"rop_publish_now":"initial","rop_publish_now_accounts":[],"rop_publish_now_history":[],"rop_publish_now_status":"pending","footnotes":""},"categories":[67,64,72],"tags":[23],"class_list":["post-80296","post","type-post","status-publish","format-standard","has-post-thumbnail","hentry","category-ciudad","category-educacion","category-estado","tag-destacado"],"_links":{"self":[{"href":"https:\/\/notiissa.mx\/index.php?rest_route=\/wp\/v2\/posts\/80296","targetHints":{"allow":["GET"]}}],"collection":[{"href":"https:\/\/notiissa.mx\/index.php?rest_route=\/wp\/v2\/posts"}],"about":[{"href":"https:\/\/notiissa.mx\/index.php?rest_route=\/wp\/v2\/types\/post"}],"author":[{"embeddable":true,"href":"https:\/\/notiissa.mx\/index.php?rest_route=\/wp\/v2\/users\/1"}],"replies":[{"embeddable":true,"href":"https:\/\/notiissa.mx\/index.php?rest_route=%2Fwp%2Fv2%2Fcomments&post=80296"}],"version-history":[{"count":1,"href":"https:\/\/notiissa.mx\/index.php?rest_route=\/wp\/v2\/posts\/80296\/revisions"}],"predecessor-version":[{"id":80298,"href":"https:\/\/notiissa.mx\/index.php?rest_route=\/wp\/v2\/posts\/80296\/revisions\/80298"}],"wp:featuredmedia":[{"embeddable":true,"href":"https:\/\/notiissa.mx\/index.php?rest_route=\/wp\/v2\/media\/80297"}],"wp:attachment":[{"href":"https:\/\/notiissa.mx\/index.php?rest_route=%2Fwp%2Fv2%2Fmedia&parent=80296"}],"wp:term":[{"taxonomy":"category","embeddable":true,"href":"https:\/\/notiissa.mx\/index.php?rest_route=%2Fwp%2Fv2%2Fcategories&post=80296"},{"taxonomy":"post_tag","embeddable":true,"href":"https:\/\/notiissa.mx\/index.php?rest_route=%2Fwp%2Fv2%2Ftags&post=80296"}],"curies":[{"name":"wp","href":"https:\/\/api.w.org\/{rel}","templated":true}]}}