{"id":80271,"date":"2025-06-26T15:36:13","date_gmt":"2025-06-26T21:36:13","guid":{"rendered":"https:\/\/notiissa.mx\/?p=80271"},"modified":"2025-06-26T15:36:13","modified_gmt":"2025-06-26T21:36:13","slug":"pan-impulsa-maru-campos-el-futuro-de-juarez-con-polo-de-desarrollo","status":"publish","type":"post","link":"https:\/\/notiissa.mx\/?p=80271","title":{"rendered":"PAN: Impulsa Maru Campos el futuro de Ju\u00e1rez con Polo de Desarrollo"},"content":{"rendered":"<p><strong>Chihuahua.-<\/strong>Luego de\u00a0la firma del acuerdo en Palacio Nacional para establecer un Polo de Desarrollo Econ\u00f3mico en esta frontera, las y los diputados del PAN destacaron la visi\u00f3n de Estado de la gobernadora Maru Campos, quien supo entender el potencial estrat\u00e9gico de Ciudad Ju\u00e1rez y consolidar una estrategia que la posiciona como punto clave en la industria de alta tecnolog\u00eda y el comercio internacional.<\/p>\n<p>El coordinador del Grupo Parlamentario del PAN, Alfredo Ch\u00e1vez Madrid, subray\u00f3 que este nuevo polo, ubicado en San Jer\u00f3nimo, representa una oportunidad para fortalecer el liderazgo exportador de Chihuahua y vincular a las nuevas generaciones con empleos industriales especializados. Reconoci\u00f3 tambi\u00e9n la apertura al di\u00e1logo de la presidenta de la Rep\u00fablica, al permitir que este proyecto avance bajo un esquema de colaboraci\u00f3n institucional.<\/p>\n<p>Ch\u00e1vez Madrid contrast\u00f3 esta iniciativa con la falta de impulso durante el gobierno federal anterior, en el que no se concretaron proyectos de esta magnitud ni con visi\u00f3n de largo plazo para la regi\u00f3n fronteriza. Record\u00f3 que Chihuahua encabeza las exportaciones a Estados Unidos con m\u00e1s de 75 mil millones de d\u00f3lares en 2024, y es l\u00edder nacional en manufactura de dispositivos m\u00e9dicos, electr\u00f3nicos y automotrices. A\u00f1adi\u00f3 que actualmente m\u00e1s de 200 ingenieros del estado se capacitan en universidades de Estados Unidos y Taiw\u00e1n, como parte del impulso a una fuerza laboral especializada respaldado por el Gobierno Estatal.<\/p>\n<p>&nbsp;<\/p>\n<p>&nbsp;<\/p>\n","protected":false},"excerpt":{"rendered":"<p>Chihuahua.-Luego de\u00a0la firma del acuerdo en Palacio Nacional para establecer un Polo de Desarrollo Econ\u00f3mico en esta frontera, las y los diputados del PAN destacaron la visi\u00f3n de Estado de la gobernadora Maru Campos, quien supo entender el potencial estrat\u00e9gico de Ciudad Ju\u00e1rez y consolidar una estrategia que la posiciona como punto clave en la [&hellip;]<\/p>\n","protected":false},"author":1,"featured_media":80272,"comment_status":"closed","ping_status":"open","sticky":false,"template":"","format":"standard","meta":{"rop_custom_images_group":[],"rop_custom_messages_group":[],"rop_publish_now":"initial","rop_publish_now_accounts":[],"rop_publish_now_history":[],"rop_publish_now_status":"pending","footnotes":""},"categories":[67,72],"tags":[],"class_list":["post-80271","post","type-post","status-publish","format-standard","has-post-thumbnail","hentry","category-ciudad","category-estado"],"_links":{"self":[{"href":"https:\/\/notiissa.mx\/index.php?rest_route=\/wp\/v2\/posts\/80271","targetHints":{"allow":["GET"]}}],"collection":[{"href":"https:\/\/notiissa.mx\/index.php?rest_route=\/wp\/v2\/posts"}],"about":[{"href":"https:\/\/notiissa.mx\/index.php?rest_route=\/wp\/v2\/types\/post"}],"author":[{"embeddable":true,"href":"https:\/\/notiissa.mx\/index.php?rest_route=\/wp\/v2\/users\/1"}],"replies":[{"embeddable":true,"href":"https:\/\/notiissa.mx\/index.php?rest_route=%2Fwp%2Fv2%2Fcomments&post=80271"}],"version-history":[{"count":1,"href":"https:\/\/notiissa.mx\/index.php?rest_route=\/wp\/v2\/posts\/80271\/revisions"}],"predecessor-version":[{"id":80273,"href":"https:\/\/notiissa.mx\/index.php?rest_route=\/wp\/v2\/posts\/80271\/revisions\/80273"}],"wp:featuredmedia":[{"embeddable":true,"href":"https:\/\/notiissa.mx\/index.php?rest_route=\/wp\/v2\/media\/80272"}],"wp:attachment":[{"href":"https:\/\/notiissa.mx\/index.php?rest_route=%2Fwp%2Fv2%2Fmedia&parent=80271"}],"wp:term":[{"taxonomy":"category","embeddable":true,"href":"https:\/\/notiissa.mx\/index.php?rest_route=%2Fwp%2Fv2%2Fcategories&post=80271"},{"taxonomy":"post_tag","embeddable":true,"href":"https:\/\/notiissa.mx\/index.php?rest_route=%2Fwp%2Fv2%2Ftags&post=80271"}],"curies":[{"name":"wp","href":"https:\/\/api.w.org\/{rel}","templated":true}]}}