{"id":80258,"date":"2025-06-26T14:48:53","date_gmt":"2025-06-26T20:48:53","guid":{"rendered":"https:\/\/notiissa.mx\/?p=80258"},"modified":"2025-06-26T14:48:53","modified_gmt":"2025-06-26T20:48:53","slug":"organizan-kermes-con-causa-en-favor-de-menores-con-discapacidad","status":"publish","type":"post","link":"https:\/\/notiissa.mx\/?p=80258","title":{"rendered":"Organizan \u201cKerm\u00e9s con causa\u201d en favor de menores con discapacidad"},"content":{"rendered":"<p><strong>\u2022 En el parque El Chamizal el pr\u00f3ximo 13 de julio.<\/strong><\/p>\n<p><strong>Chihuahua.-<\/strong> La diputada Magdalena Renter\u00eda P\u00e9rez del Grupo Parlamentario de morena gestion\u00f3 el consentimiento para llevar a cabo una kerm\u00e9s en el parque El Chamizal con el objetivo de apoyar a las ni\u00f1as y ni\u00f1os con discapacidad en Ciudad Ju\u00e1rez.<\/p>\n<p>El evento que lleva por nombre \u201cKerm\u00e9s con causa\u201d se llevar\u00e1 a cabo el pr\u00f3ximo domingo 13 de julio de 1:00pm a 10pm en el \u00e1rea del rebote del parque El Chamizal, a favor de la fundaci\u00f3n \u201cA mover las manitas\u201d, que apoya a 50 ni\u00f1as y ni\u00f1os con diversas discapacidades.<\/p>\n<p>\u201cHoy alzamos la voz y el coraz\u00f3n por una causa que nos inspira: el bienestar y la inclusi\u00f3n de los ni\u00f1os juarenses. Ellos nos ense\u00f1an cada d\u00eda el verdadero significado de la fuerza y la esperanza\u201d, fueron las palabras de la subcoordinadora del Grupo Parlamentario de morena en Chihuahua.<\/p>\n<p>Lo recaudado en la kerm\u00e9s ser\u00e1 utilizado para comprar sillas de ruedas, sondas para alimentaci\u00f3n, aparatos de traqueotom\u00eda, pa\u00f1ales y andadores. Durante el evento habr\u00e1 comida, m\u00fasica en vivo y shows variados.<\/p>\n<p>Magdalena Renter\u00eda abund\u00f3 en que se apoya esta noble causa no solo con empat\u00eda sino con acciones que realmente ayuden a tender las necesidades de las y los ni\u00f1os con discapacidad con dignidad y justicia.<\/p>\n<p>Ante esto la legisladora morenista hizo hincapi\u00e9 en que seguir\u00e1n trabajando y apoyando a los compa\u00f1eros que llevan a cabo est\u00e1 noble labor altruista.<\/p>\n<p>&nbsp;<\/p>\n","protected":false},"excerpt":{"rendered":"<p>\u2022 En el parque El Chamizal el pr\u00f3ximo 13 de julio. Chihuahua.- La diputada Magdalena Renter\u00eda P\u00e9rez del Grupo Parlamentario de morena gestion\u00f3 el consentimiento para llevar a cabo una kerm\u00e9s en el parque El Chamizal con el objetivo de apoyar a las ni\u00f1as y ni\u00f1os con discapacidad en Ciudad Ju\u00e1rez. El evento que lleva [&hellip;]<\/p>\n","protected":false},"author":1,"featured_media":80259,"comment_status":"closed","ping_status":"open","sticky":false,"template":"","format":"standard","meta":{"rop_custom_images_group":[],"rop_custom_messages_group":[],"rop_publish_now":"initial","rop_publish_now_accounts":[],"rop_publish_now_history":[],"rop_publish_now_status":"pending","footnotes":""},"categories":[67,72],"tags":[23],"class_list":["post-80258","post","type-post","status-publish","format-standard","has-post-thumbnail","hentry","category-ciudad","category-estado","tag-destacado"],"_links":{"self":[{"href":"https:\/\/notiissa.mx\/index.php?rest_route=\/wp\/v2\/posts\/80258","targetHints":{"allow":["GET"]}}],"collection":[{"href":"https:\/\/notiissa.mx\/index.php?rest_route=\/wp\/v2\/posts"}],"about":[{"href":"https:\/\/notiissa.mx\/index.php?rest_route=\/wp\/v2\/types\/post"}],"author":[{"embeddable":true,"href":"https:\/\/notiissa.mx\/index.php?rest_route=\/wp\/v2\/users\/1"}],"replies":[{"embeddable":true,"href":"https:\/\/notiissa.mx\/index.php?rest_route=%2Fwp%2Fv2%2Fcomments&post=80258"}],"version-history":[{"count":1,"href":"https:\/\/notiissa.mx\/index.php?rest_route=\/wp\/v2\/posts\/80258\/revisions"}],"predecessor-version":[{"id":80260,"href":"https:\/\/notiissa.mx\/index.php?rest_route=\/wp\/v2\/posts\/80258\/revisions\/80260"}],"wp:featuredmedia":[{"embeddable":true,"href":"https:\/\/notiissa.mx\/index.php?rest_route=\/wp\/v2\/media\/80259"}],"wp:attachment":[{"href":"https:\/\/notiissa.mx\/index.php?rest_route=%2Fwp%2Fv2%2Fmedia&parent=80258"}],"wp:term":[{"taxonomy":"category","embeddable":true,"href":"https:\/\/notiissa.mx\/index.php?rest_route=%2Fwp%2Fv2%2Fcategories&post=80258"},{"taxonomy":"post_tag","embeddable":true,"href":"https:\/\/notiissa.mx\/index.php?rest_route=%2Fwp%2Fv2%2Ftags&post=80258"}],"curies":[{"name":"wp","href":"https:\/\/api.w.org\/{rel}","templated":true}]}}