{"id":80201,"date":"2025-06-25T14:08:07","date_gmt":"2025-06-25T20:08:07","guid":{"rendered":"https:\/\/notiissa.mx\/?p=80201"},"modified":"2025-06-25T14:08:07","modified_gmt":"2025-06-25T20:08:07","slug":"las-reformas-son-necesarias-cuauhtemoc-estrada","status":"publish","type":"post","link":"https:\/\/notiissa.mx\/?p=80201","title":{"rendered":"Las reformas son necesarias: Cuauht\u00e9moc Estrada"},"content":{"rendered":"<p><strong>Por Silvia Madrid A.\u00a0<\/strong><\/p>\n<p><strong>Chihuahua.-<\/strong> El coordinador de los legisladores de Morena en el Congreso local Cuauht\u00e9moc Estrada aseguro que las reformas que se han presentado en la C\u00e1mara Baja son necesarias, concretamente se refiri\u00f3 a la reciente iniciativa referente a la Guardia Nacional ya que se trata de reforzar a la instituci\u00f3n para el mejor combate a la inseguridad y asever\u00f3 que no es un tema pol\u00edtico sino que la seguridad ata\u00f1e a los tres \u00f3rdenes de gobierno.<\/p>\n<p>Rechaz\u00f3 que se trate de la militarizaci\u00f3n del pa\u00eds pues en sexenios anteriores el ej\u00e9rcito se involucr\u00f3 en construcci\u00f3n de obras y no tan importantes como las del sexenio de AMLO.<\/p>\n<p>En su reuni\u00f3n semanal con medios de comunicaci\u00f3n, el morenista abord\u00f3 diversos temas como la cr\u00edtica de la oposici\u00f3n ante la integraci\u00f3n del Coneval al INEGI argumentando que Morena no quiere medir la pobreza. Se cuestion\u00f3 a qu\u00e9 pobreza se refiere y agrego que Morena si quiere dar a conocer los avances en el rubro, c\u00f3mo haber sacado de las pobreza a 10 millones de personas desde el pasado sexenio.<\/p>\n<p>En respuesta a las declaraciones del secretario de Desarrollo Social y Bien Com\u00fan Rafael Loera que el estado no est\u00e1 obligado a apoyar a los discapacitados lament\u00f3 la falta de sensibilidad a este grupo vulnerable y dijo que tiene derecho constitucional que el estado est\u00e1 obligado a cumplir.<\/p>\n<p>Dijo que los discapacitados de 30 a 64 a\u00f1os no tienen pensi\u00f3n. Y si tienen los de 0 a 29 a\u00f1os porque la reciben de la federaci\u00f3n.<\/p>\n<p>Esta falta de sensibilidad se vio cuando dieron muy altas pensiones a jueces y magistrados y siguen neg\u00e1ndolas a los discapacitados que batallan para sobrevivir, 26 entidades si dan esas pensiones y 7 no, entre ellas Chihuahua.<\/p>\n<p>Estrada Sotelo se mostr\u00f3 satisfecho por la iniciativa de Coparmex a participar en los foros para discutir la eliminaci\u00f3n de plurinominales de listas de partidos que son los que esperan resultados para saber si tiene una curul. Lo que se busca es que queden los mejores perdedores que hicieron campa\u00f1as y recorrieron calles acerc\u00e1ndose a la ciudadan\u00eda: esa es la iniciativa del diputado Cuauht\u00e9moc.<\/p>\n<p>Coment\u00f3 que se har\u00e1n esos foros para que participen todos los sectores de la sociedad interesados y enriquezcan la iniciativa con sus propuestas.<\/p>\n","protected":false},"excerpt":{"rendered":"<p>Por Silvia Madrid A.\u00a0 Chihuahua.- El coordinador de los legisladores de Morena en el Congreso local Cuauht\u00e9moc Estrada aseguro que las reformas que se han presentado en la C\u00e1mara Baja son necesarias, concretamente se refiri\u00f3 a la reciente iniciativa referente a la Guardia Nacional ya que se trata de reforzar a la instituci\u00f3n para el [&hellip;]<\/p>\n","protected":false},"author":1,"featured_media":80202,"comment_status":"closed","ping_status":"open","sticky":false,"template":"","format":"standard","meta":{"rop_custom_images_group":[],"rop_custom_messages_group":[],"rop_publish_now":"initial","rop_publish_now_accounts":[],"rop_publish_now_history":[],"rop_publish_now_status":"pending","footnotes":""},"categories":[67,72],"tags":[23],"class_list":["post-80201","post","type-post","status-publish","format-standard","has-post-thumbnail","hentry","category-ciudad","category-estado","tag-destacado"],"_links":{"self":[{"href":"https:\/\/notiissa.mx\/index.php?rest_route=\/wp\/v2\/posts\/80201","targetHints":{"allow":["GET"]}}],"collection":[{"href":"https:\/\/notiissa.mx\/index.php?rest_route=\/wp\/v2\/posts"}],"about":[{"href":"https:\/\/notiissa.mx\/index.php?rest_route=\/wp\/v2\/types\/post"}],"author":[{"embeddable":true,"href":"https:\/\/notiissa.mx\/index.php?rest_route=\/wp\/v2\/users\/1"}],"replies":[{"embeddable":true,"href":"https:\/\/notiissa.mx\/index.php?rest_route=%2Fwp%2Fv2%2Fcomments&post=80201"}],"version-history":[{"count":1,"href":"https:\/\/notiissa.mx\/index.php?rest_route=\/wp\/v2\/posts\/80201\/revisions"}],"predecessor-version":[{"id":80203,"href":"https:\/\/notiissa.mx\/index.php?rest_route=\/wp\/v2\/posts\/80201\/revisions\/80203"}],"wp:featuredmedia":[{"embeddable":true,"href":"https:\/\/notiissa.mx\/index.php?rest_route=\/wp\/v2\/media\/80202"}],"wp:attachment":[{"href":"https:\/\/notiissa.mx\/index.php?rest_route=%2Fwp%2Fv2%2Fmedia&parent=80201"}],"wp:term":[{"taxonomy":"category","embeddable":true,"href":"https:\/\/notiissa.mx\/index.php?rest_route=%2Fwp%2Fv2%2Fcategories&post=80201"},{"taxonomy":"post_tag","embeddable":true,"href":"https:\/\/notiissa.mx\/index.php?rest_route=%2Fwp%2Fv2%2Ftags&post=80201"}],"curies":[{"name":"wp","href":"https:\/\/api.w.org\/{rel}","templated":true}]}}