{"id":80171,"date":"2025-06-24T17:30:33","date_gmt":"2025-06-24T23:30:33","guid":{"rendered":"https:\/\/notiissa.mx\/?p=80171"},"modified":"2025-06-24T17:30:33","modified_gmt":"2025-06-24T23:30:33","slug":"republicano-nomina-a-trump-al-premio-nobel-de-la-paz","status":"publish","type":"post","link":"https:\/\/notiissa.mx\/?p=80171","title":{"rendered":"Republicano nomina a Trump al Premio Nobel de la Paz"},"content":{"rendered":"<h1 class=\"HeadLine-root HeadLine-type_2 \">Por su rol en el conflicto de Ir\u00e1n e Israel.<\/h1>\n<p>Trump no tard\u00f3 en celebrar la noticia y comparti\u00f3 el art\u00edculo en su red Truth Social.<\/p>\n<p>El presidente de EE.UU., Donald Trump, fue nominado al Premio Nobel de la Paz por un legislador de la C\u00e1mara de Representantes de EE.UU., quien consider\u00f3 \u00ab<strong>extraordinario e hist\u00f3rico<\/strong>\u00bb el rol del mandatario en el acuerdo de alto al fuego entre Ir\u00e1n e Israel, seg\u00fan informa Fox News.<\/p>\n<p>La nominaci\u00f3n, presentada por el republicano Buddy Carter, destaca la influencia\u00a0de Trump en facilitar la tregua, atribuida en parte a su historial diplom\u00e1tico en Medio Oriente.<\/p>\n<p>\u00ab<strong>La influencia del presidente Trump fue fundamental para forjar un acuerdo r\u00e1pido<\/strong> que muchos creyeron que era imposible. El presidente Trump tambi\u00e9n tom\u00f3 acciones <strong>audaces<\/strong> y <strong>decisivas<\/strong> para detener las ambiciones nucleares de Ir\u00e1n\u00bb, escribi\u00f3 Carter en su carta.<\/p>\n<p>Trump, por su parte, <strong>no tard\u00f3 en<\/strong>\u00a0<strong>celebrar la noticia<\/strong> y comparti\u00f3 el art\u00edculo en su red Truth Social.<\/p>\n<p>Cabe destacar que la nominaci\u00f3n al Nobel no garantiza selecci\u00f3n y, seg\u00fan el sitio web del premio, actualmente se han presentado <strong>338 candidatos<\/strong> al Premio Nobel de la Paz 2025.<\/p>\n<h3>Trump y el alto fuego Ir\u00e1n-Israel<\/h3>\n<p>El mandatario estadounidense anunci\u00f3 este lunes una <strong>tregua entre Ir\u00e1n e Israel<\/strong>, que m\u00e1s tarde tambi\u00e9n fue confirmada por Tel Aviv y Teher\u00e1n.<\/p>\n<p>\u00abIsrael e Ir\u00e1n han acordado plenamente que habr\u00e1 un <strong>alto al fuego total<\/strong> (dentro de aproximadamente\u00a0seis horas, cuando ambos pa\u00edses hayan completado sus misiones finales), durante <strong>12 horas<\/strong>\u00ab, anunci\u00f3\u00a0el mandatario estadounidense en su red social\u00a0Truth Social, felicitando a las partes involucradas.<\/p>\n<ul>\n<li>Horas despu\u00e9s de declararse la tregua, las Fuerzas de Defensa de Israel aseguraron\u00a0que,\u00a0<strong>desde territorio iran\u00ed\u00a0hab\u00edan lanzado dos misiles,<\/strong> y que los interceptaron.<\/li>\n<li>Por su parte, desde Teher\u00e1n se report\u00f3 que\u00a0<strong>no se lanzaron los misiles<\/strong> y describieron las acusaciones de Tel Aviv como \u00ab<strong>falsas<\/strong>\u00ab. Los representantes iran\u00edes tambi\u00e9n acusaron a Tel Aviv de violar la tregua.<\/li>\n<li>Posteriormente, Trump acus\u00f3<strong>\u00a0a ambas partes de violar el alto el fuego<\/strong> y pidi\u00f3 que se mantuviera.<\/li>\n<li><\/li>\n<li><strong>RT.<\/strong><\/li>\n<\/ul>\n","protected":false},"excerpt":{"rendered":"<p>Por su rol en el conflicto de Ir\u00e1n e Israel. Trump no tard\u00f3 en celebrar la noticia y comparti\u00f3 el art\u00edculo en su red Truth Social. El presidente de EE.UU., Donald Trump, fue nominado al Premio Nobel de la Paz por un legislador de la C\u00e1mara de Representantes de EE.UU., quien consider\u00f3 \u00abextraordinario e hist\u00f3rico\u00bb [&hellip;]<\/p>\n","protected":false},"author":1,"featured_media":80172,"comment_status":"closed","ping_status":"open","sticky":false,"template":"","format":"standard","meta":{"rop_custom_images_group":[],"rop_custom_messages_group":[],"rop_publish_now":"initial","rop_publish_now_accounts":[],"rop_publish_now_history":[],"rop_publish_now_status":"pending","footnotes":""},"categories":[67,72,60],"tags":[],"class_list":["post-80171","post","type-post","status-publish","format-standard","has-post-thumbnail","hentry","category-ciudad","category-estado","category-sonnoticia"],"_links":{"self":[{"href":"https:\/\/notiissa.mx\/index.php?rest_route=\/wp\/v2\/posts\/80171","targetHints":{"allow":["GET"]}}],"collection":[{"href":"https:\/\/notiissa.mx\/index.php?rest_route=\/wp\/v2\/posts"}],"about":[{"href":"https:\/\/notiissa.mx\/index.php?rest_route=\/wp\/v2\/types\/post"}],"author":[{"embeddable":true,"href":"https:\/\/notiissa.mx\/index.php?rest_route=\/wp\/v2\/users\/1"}],"replies":[{"embeddable":true,"href":"https:\/\/notiissa.mx\/index.php?rest_route=%2Fwp%2Fv2%2Fcomments&post=80171"}],"version-history":[{"count":1,"href":"https:\/\/notiissa.mx\/index.php?rest_route=\/wp\/v2\/posts\/80171\/revisions"}],"predecessor-version":[{"id":80173,"href":"https:\/\/notiissa.mx\/index.php?rest_route=\/wp\/v2\/posts\/80171\/revisions\/80173"}],"wp:featuredmedia":[{"embeddable":true,"href":"https:\/\/notiissa.mx\/index.php?rest_route=\/wp\/v2\/media\/80172"}],"wp:attachment":[{"href":"https:\/\/notiissa.mx\/index.php?rest_route=%2Fwp%2Fv2%2Fmedia&parent=80171"}],"wp:term":[{"taxonomy":"category","embeddable":true,"href":"https:\/\/notiissa.mx\/index.php?rest_route=%2Fwp%2Fv2%2Fcategories&post=80171"},{"taxonomy":"post_tag","embeddable":true,"href":"https:\/\/notiissa.mx\/index.php?rest_route=%2Fwp%2Fv2%2Ftags&post=80171"}],"curies":[{"name":"wp","href":"https:\/\/api.w.org\/{rel}","templated":true}]}}