{"id":80165,"date":"2025-06-24T15:50:50","date_gmt":"2025-06-24T21:50:50","guid":{"rendered":"https:\/\/notiissa.mx\/?p=80165"},"modified":"2025-06-24T15:50:50","modified_gmt":"2025-06-24T21:50:50","slug":"asiste-cuauhtemoc-estrada-al-foro-de-dialogo-jovenes-en-la-politica","status":"publish","type":"post","link":"https:\/\/notiissa.mx\/?p=80165","title":{"rendered":"Asiste Cuauht\u00e9moc Estrada al Foro de Dialogo: J\u00f3venes en la Pol\u00edtica"},"content":{"rendered":"<p><strong>Chihuahua.- E<\/strong>l diputado Cuauht\u00e9moc Estrada Sotelo, coordinador del Grupo Parlamentario de morena en el Congreso del Estado de Chihuahua particip\u00f3 en el Foro de Dialogo: J\u00f3venes en la Pol\u00edtica, \u00bfC\u00f3mo impulsarlo desde el Poder Legislativo?, organizado por la Red juvenil Por M\u00e9xico Chihuahua.<\/p>\n<p>En una de sus intervenciones el legislador morenista destac\u00f3 la importancia de los j\u00f3venes dentro de la pol\u00edtica y del proceso hist\u00f3rico de muchas sociedades incluida la mexicana, ya que en muchos casos fueron ellos los que han generado m\u00e1s de una serie de cambios y revoluciones.<\/p>\n<p>\u201cNo podr\u00edamos estar nosotros en una etapa como sociedad con un modelo democr\u00e1tico como el que actualmente tenemos, sin una lucha derivada en su momento de j\u00f3venes, como fue en el 68. Ya que las y los estudiantes de ese tiempo propon\u00edan un modelo mucho m\u00e1s cercano a lo que hoy existe, con mayor participaci\u00f3n de estos\u201d, enfatiz\u00f3 Estrada Sotelo.<\/p>\n<p>Hizo hincapi\u00e9 en que existen una serie de obst\u00e1culos que los j\u00f3venes deben de vencer y que entiende que el propio sistema actual debe de romper una serie de barreras y establecer una serie de medidas legislativas para que los j\u00f3venes puedan participar m\u00e1s en la pol\u00edtica.<\/p>\n<p>Cuauht\u00e9moc Estrada record\u00f3 que desde el Congreso del Estado la bancada de morena trabaja en una serie de iniciativas que buscan una mayor actuaci\u00f3n de los j\u00f3venes en la pol\u00edtica, como es la iniciativa de transformar profundamente el sistema de elecci\u00f3n de diputaciones plurinominales en la entidad ya que dentro de una de las propuestas se plantea reservar un distrito electoral exclusivo para j\u00f3venes de 18 a 24 a\u00f1os.<\/p>\n<p>Finalmente, el congresista agradeci\u00f3 la apertura y participaci\u00f3n de los j\u00f3venes durante el foro quienes demostraron atreves de sus preguntas estar interesados no solo en la pol\u00edtica local y nacional sino en la b\u00fasqueda de un mejor M\u00e9xico con oportunidades para todos.<\/p>\n","protected":false},"excerpt":{"rendered":"<p>Chihuahua.- El diputado Cuauht\u00e9moc Estrada Sotelo, coordinador del Grupo Parlamentario de morena en el Congreso del Estado de Chihuahua particip\u00f3 en el Foro de Dialogo: J\u00f3venes en la Pol\u00edtica, \u00bfC\u00f3mo impulsarlo desde el Poder Legislativo?, organizado por la Red juvenil Por M\u00e9xico Chihuahua. En una de sus intervenciones el legislador morenista destac\u00f3 la importancia de [&hellip;]<\/p>\n","protected":false},"author":1,"featured_media":80166,"comment_status":"closed","ping_status":"open","sticky":false,"template":"","format":"standard","meta":{"rop_custom_images_group":[],"rop_custom_messages_group":[],"rop_publish_now":"initial","rop_publish_now_accounts":[],"rop_publish_now_history":[],"rop_publish_now_status":"pending","footnotes":""},"categories":[67,72],"tags":[23],"class_list":["post-80165","post","type-post","status-publish","format-standard","has-post-thumbnail","hentry","category-ciudad","category-estado","tag-destacado"],"_links":{"self":[{"href":"https:\/\/notiissa.mx\/index.php?rest_route=\/wp\/v2\/posts\/80165","targetHints":{"allow":["GET"]}}],"collection":[{"href":"https:\/\/notiissa.mx\/index.php?rest_route=\/wp\/v2\/posts"}],"about":[{"href":"https:\/\/notiissa.mx\/index.php?rest_route=\/wp\/v2\/types\/post"}],"author":[{"embeddable":true,"href":"https:\/\/notiissa.mx\/index.php?rest_route=\/wp\/v2\/users\/1"}],"replies":[{"embeddable":true,"href":"https:\/\/notiissa.mx\/index.php?rest_route=%2Fwp%2Fv2%2Fcomments&post=80165"}],"version-history":[{"count":1,"href":"https:\/\/notiissa.mx\/index.php?rest_route=\/wp\/v2\/posts\/80165\/revisions"}],"predecessor-version":[{"id":80167,"href":"https:\/\/notiissa.mx\/index.php?rest_route=\/wp\/v2\/posts\/80165\/revisions\/80167"}],"wp:featuredmedia":[{"embeddable":true,"href":"https:\/\/notiissa.mx\/index.php?rest_route=\/wp\/v2\/media\/80166"}],"wp:attachment":[{"href":"https:\/\/notiissa.mx\/index.php?rest_route=%2Fwp%2Fv2%2Fmedia&parent=80165"}],"wp:term":[{"taxonomy":"category","embeddable":true,"href":"https:\/\/notiissa.mx\/index.php?rest_route=%2Fwp%2Fv2%2Fcategories&post=80165"},{"taxonomy":"post_tag","embeddable":true,"href":"https:\/\/notiissa.mx\/index.php?rest_route=%2Fwp%2Fv2%2Ftags&post=80165"}],"curies":[{"name":"wp","href":"https:\/\/api.w.org\/{rel}","templated":true}]}}