{"id":80162,"date":"2025-06-24T15:29:52","date_gmt":"2025-06-24T21:29:52","guid":{"rendered":"https:\/\/notiissa.mx\/?p=80162"},"modified":"2025-06-24T15:29:52","modified_gmt":"2025-06-24T21:29:52","slug":"informa-bonilla-retraso-de-vuelo-de-retorno-a-mexico","status":"publish","type":"post","link":"https:\/\/notiissa.mx\/?p=80162","title":{"rendered":"Informa Bonilla retraso de vuelo de retorno a M\u00e9xico"},"content":{"rendered":"<p><strong>Ciudad de Chihuahua.-<\/strong> El alcalde Marco Antonio Bonilla Mendoza,\u00a0 inform\u00f3 a trav\u00e9s de sus redes sociales, que el vuelo programado para despegar el d\u00eda de hoy desde Roma hacia la Ciudad de M\u00e9xico sufri\u00f3 un retraso de 18 horas, seg\u00fan inform\u00f3 la propia aerol\u00ednea, por lo que su reincorporaci\u00f3n a las actividades p\u00fablicas ser\u00e1 hasta el d\u00eda jueves.<\/p>\n<p>Desde la sala de abordaje, el Alcalde Bonilla grab\u00f3 un video para informar a la ciudadan\u00eda sobre esta situaci\u00f3n que posterga su regreso a la ciudad. Su agenda programada para el mi\u00e9rcoles 25 de junio ser\u00e1 reagendada, salvo la sesi\u00f3n ordinaria de Cabildo que se realizar\u00e1 a las 12:00 de la ma\u00f1ana y ser\u00e1 presidida por la Regidora, Patricia Ulate<\/p>\n<p>Bonilla Mendoza estuvo presente en Roma para participar en el Jubileo de los Gobernantes y Administradores en El Vaticano, una celebraci\u00f3n especial que se realiza cada 25 a\u00f1os y a la que asisten gobernantes de todo el mundo.<\/p>\n","protected":false},"excerpt":{"rendered":"<p>Ciudad de Chihuahua.- El alcalde Marco Antonio Bonilla Mendoza,\u00a0 inform\u00f3 a trav\u00e9s de sus redes sociales, que el vuelo programado para despegar el d\u00eda de hoy desde Roma hacia la Ciudad de M\u00e9xico sufri\u00f3 un retraso de 18 horas, seg\u00fan inform\u00f3 la propia aerol\u00ednea, por lo que su reincorporaci\u00f3n a las actividades p\u00fablicas ser\u00e1 hasta [&hellip;]<\/p>\n","protected":false},"author":1,"featured_media":80163,"comment_status":"closed","ping_status":"open","sticky":false,"template":"","format":"standard","meta":{"rop_custom_images_group":[],"rop_custom_messages_group":[],"rop_publish_now":"initial","rop_publish_now_accounts":[],"rop_publish_now_history":[],"rop_publish_now_status":"pending","footnotes":""},"categories":[67,72],"tags":[],"class_list":["post-80162","post","type-post","status-publish","format-standard","has-post-thumbnail","hentry","category-ciudad","category-estado"],"_links":{"self":[{"href":"https:\/\/notiissa.mx\/index.php?rest_route=\/wp\/v2\/posts\/80162","targetHints":{"allow":["GET"]}}],"collection":[{"href":"https:\/\/notiissa.mx\/index.php?rest_route=\/wp\/v2\/posts"}],"about":[{"href":"https:\/\/notiissa.mx\/index.php?rest_route=\/wp\/v2\/types\/post"}],"author":[{"embeddable":true,"href":"https:\/\/notiissa.mx\/index.php?rest_route=\/wp\/v2\/users\/1"}],"replies":[{"embeddable":true,"href":"https:\/\/notiissa.mx\/index.php?rest_route=%2Fwp%2Fv2%2Fcomments&post=80162"}],"version-history":[{"count":1,"href":"https:\/\/notiissa.mx\/index.php?rest_route=\/wp\/v2\/posts\/80162\/revisions"}],"predecessor-version":[{"id":80164,"href":"https:\/\/notiissa.mx\/index.php?rest_route=\/wp\/v2\/posts\/80162\/revisions\/80164"}],"wp:featuredmedia":[{"embeddable":true,"href":"https:\/\/notiissa.mx\/index.php?rest_route=\/wp\/v2\/media\/80163"}],"wp:attachment":[{"href":"https:\/\/notiissa.mx\/index.php?rest_route=%2Fwp%2Fv2%2Fmedia&parent=80162"}],"wp:term":[{"taxonomy":"category","embeddable":true,"href":"https:\/\/notiissa.mx\/index.php?rest_route=%2Fwp%2Fv2%2Fcategories&post=80162"},{"taxonomy":"post_tag","embeddable":true,"href":"https:\/\/notiissa.mx\/index.php?rest_route=%2Fwp%2Fv2%2Ftags&post=80162"}],"curies":[{"name":"wp","href":"https:\/\/api.w.org\/{rel}","templated":true}]}}