{"id":80042,"date":"2025-06-22T16:18:32","date_gmt":"2025-06-22T22:18:32","guid":{"rendered":"https:\/\/notiissa.mx\/?p=80042"},"modified":"2025-06-22T16:18:32","modified_gmt":"2025-06-22T22:18:32","slug":"cancer-de-prostata-principal-causa-de-muerte-en-hombres-mayores-de-60-anos-en-mexico","status":"publish","type":"post","link":"https:\/\/notiissa.mx\/?p=80042","title":{"rendered":"C\u00e1ncer de pr\u00f3stata: principal causa de muerte en hombres mayores de 60 a\u00f1os en M\u00e9xico"},"content":{"rendered":"<ul>\n<li><strong>De acuerdo con el Instituto Nacional de Estad\u00edstica y Geograf\u00eda (INEGI), la principal causa de muerte de hombres de 60 a\u00f1os o m\u00e1s fue por causa del c\u00e1ncer de pr\u00f3stata.<\/strong><\/li>\n<\/ul>\n<p><strong><em>\u00a0 \u00a0 \u00a0 *<\/em>En M\u00e9xico se detectan m\u00e1s de 25 mil casos de c\u00e1ncer de pr\u00f3stata al a\u00f1o y m\u00e1s de 7 mil 500 personas pierdan la vida por esta enfermedad.<\/strong><\/p>\n<p>&nbsp;<\/p>\n<p><strong>Ciudad de M\u00e9xico.-<\/strong>\u00a0Cada a\u00f1o, el 11 de junio se conmemora el <strong>D\u00eda Mundial del C\u00e1ncer de Pr\u00f3stata<\/strong>, promovido por la Organizaci\u00f3n Mundial de la Salud (OMS), para crear consciencia sobre esta enfermedad que afecta a hombres. De acuerdo con el Instituto Nacional de Estad\u00edstica y Geograf\u00eda (INEGI), <strong>la principal causa de muerte de hombres de 60 a\u00f1os o m\u00e1s fue a consecuencia del c\u00e1ncer de pr\u00f3stata<\/strong><a href=\"#_edn1\" name=\"_ednref1\">[i]<\/a>. En M\u00e9xico se detectan m\u00e1s de <strong>25 mil casos de c\u00e1ncer de pr\u00f3stata al a\u00f1o<\/strong> y m\u00e1s de <strong>7 mil 500 personas pierdan la vida<\/strong> por esta enfermedad. <a href=\"#_edn2\" name=\"_ednref2\">[ii]<\/a><\/p>\n<p>La <strong>pr\u00f3stata <\/strong>es una gl\u00e1ndula del aparato reproductor masculino que rodea la parte de la uretra (tubo por el que se vac\u00eda la vejiga), que se encuentra justo debajo de la vejiga y produce un l\u00edquido que forma parte del semen.<a href=\"#_edn3\" name=\"_ednref3\">[iii]<\/a> El tama\u00f1o de esta gl\u00e1ndula va cambiando progresivamente con la edad y si se agranda mucho puede llegar a causar problemas como el c\u00e1ncer de pr\u00f3stata, el cual se origina cuando c\u00e9lulas malignas comienzan a crecer fuera de control en sus tejidos. <a href=\"#_edn4\" name=\"_ednref4\">[iv]<\/a><\/p>\n<p>Existen diferentes <strong>factores de riesgo<\/strong> que pueden incrementar el riesgo de padecer esta enfermedad como la edad, antecedentes de c\u00e1ncer de pr\u00f3stata en familiares cercanos como padres o hermanos, as\u00ed como la raza, los hombres afroamericanos tienen m\u00e1s probabilidades de presentarlo que otros hombres.<a href=\"#_edn5\" name=\"_ednref5\">[v]<\/a><\/p>\n<p>\u201cEl c\u00e1ncer de pr\u00f3stata es uno de los tipos m\u00e1s comunes de c\u00e1ncer, para su detecci\u00f3n, se utilizan principalmente dos ex\u00e1menes, uno de ellos es la prueba del ant\u00edgeno prost\u00e1tico espec\u00edfico en la cual se analiza la sangre midiendo la cantidad de esta prote\u00edna producida por la pr\u00f3stata y la otra prueba es el examen digital rectal, en la cual se palpa la pr\u00f3stata para detectar cualquier irregularidad como bultos o agrandamientos que pueden indicar c\u00e1ncer\u201d, coment\u00f3 la Dra. Katia Pineda, directora m\u00e9dica de Sandoz M\u00e9xico.<\/p>\n<p>El <strong>c\u00e1ncer de pr\u00f3stata es de lento crecimiento<\/strong>, por lo tanto, no presenta s\u00edntomas en etapas tempranas, hasta que la enfermedad ya est\u00e1 avanzada. Los s\u00edntomas que puede llegar a presentar son un flujo de orina d\u00e9bil o interrumpido, ganas repentinas de orinar y aumento de la frecuencia, dificultad para iniciar el flujo de orina y vaciar la vejiga por completo, dolor o ardor al orinar, dificultad para tener una erecci\u00f3n, presencia de sangre en la orina o el semen, as\u00ed como dolor de espalda, caderas o pelvis que no desaparece. <a href=\"#_edn6\" name=\"_ednref6\">[vi]<\/a><\/p>\n<p>\u201cEl tratamiento del c\u00e1ncer de pr\u00f3stata depender\u00e1 del crecimiento y avance del tumor, el m\u00e9dico tratante podr\u00e1 indicar cirug\u00edas, quimioterapias o radioterapias. Si la enfermedad es diagnosticada de manera temprana y es tratada en sus etapas iniciales es curable en el 85% de los casos, por ello es fundamental que hombres con m\u00e1s de 45 a\u00f1os acudan constantemente con un especialista de la salud para realizar pruebas y evitar la proliferaci\u00f3n de esta enfermedad. Si hay antecedentes familiares con este tipo de c\u00e1ncer, los estudios se deben realizar a partir de los 40 a\u00f1os, adem\u00e1s, el c\u00e1ncer de pr\u00f3stata se puede prevenir al promover h\u00e1bitos saludables como mantener una dieta equilibrada, realizar ejercicio y limitar el consumo de alcohol y tabaco. \u00a0Afortunadamente, adicional a la cirug\u00eda, existen tratamientos para etapas avanzadas de la enfermedad como aquellos medicamentos indicados para pacientes con c\u00e1ncer de pr\u00f3stata metast\u00e1sico de alto riesgo, por lo que hay esperanza a\u00fan para las personas que no reciben un diagn\u00f3stico temprano\u201d, finaliz\u00f3 la Dra. Katia Pineda, directora m\u00e9dica de Sandoz M\u00e9xico.<\/p>\n<p><strong>Sandoz M\u00e9xico<\/strong> continuar\u00e1 brindando informaci\u00f3n relevante y actualizada para la prevenci\u00f3n, diagn\u00f3stico y tratamiento oportuno del c\u00e1ncer de pr\u00f3stata, reafirmando su compromiso de brindar terapias de alta calidad y eficacia que ayuden a mejorar la calidad de vida de los pacientes que lo padecen en M\u00e9xico y en los pa\u00edses donde la compa\u00f1\u00eda tiene presencia.<\/p>\n<p><a href=\"#_ednref1\" name=\"_edn1\">[i]<\/a> INEGI. Estad\u00edsticas a prop\u00f3sito del D\u00eda Mundial contra el C\u00e1ncer. Consultado el 27 de mayo de 2025 desde: <a href=\"https:\/\/www.inegi.org.mx\/contenidos\/saladeprensa\/aproposito\/2025\/EAP_DMvsCancer25.pdf\">https:\/\/www.inegi.org.mx\/contenidos\/saladeprensa\/aproposito\/2025\/EAP_DMvsCancer25.pdf<\/a><\/p>\n<p><a href=\"#_ednref2\" name=\"_edn2\">[ii]<\/a> Secretar\u00eda de Salud. En M\u00e9xico, cada a\u00f1o se detectan m\u00e1s de 25 mil casos de c\u00e1ncer de pr\u00f3stata. Consultado el 27 de mayo de 2025 desde: <a href=\"https:\/\/www.gob.mx\/salud\/prensa\/278-en-mexico-cada-ano-se-detectan-mas-de-25-mil-casos-de-cancer-de-prostata\">https:\/\/www.gob.mx\/salud\/prensa\/278-en-mexico-cada-ano-se-detectan-mas-de-25-mil-casos-de-cancer-de-prostata<\/a><\/p>\n<p><a href=\"#_ednref3\" name=\"_edn3\">[iii]<\/a> Instituto Nacional del C\u00e1ncer. Pr\u00f3stata. Consultado el 26 de mayo de 2025 desde: <a href=\"https:\/\/www.cancer.gov\/espanol\/publicaciones\/diccionarios\/diccionario-cancer\/def\/prostata\">https:\/\/www.cancer.gov\/espanol\/publicaciones\/diccionarios\/diccionario-cancer\/def\/prostata<\/a><\/p>\n<p><a href=\"#_ednref4\" name=\"_edn4\">[iv]<\/a> Secretar\u00eda de Salud. D\u00eda Mundial del C\u00e1ncer de Pr\u00f3stata. Consultado el 27 de mayo de 2025 desde: <a href=\"https:\/\/www.gob.mx\/insabi\/articulos\/dia-mundial-del-cancer-de-prostata-11-de-junio\">https:\/\/www.gob.mx\/insabi\/articulos\/dia-mundial-del-cancer-de-prostata-11-de-junio<\/a><\/p>\n<p><a href=\"#_ednref5\" name=\"_edn5\">[v]<\/a> Secretar\u00eda de Salud. D\u00eda Mundial del C\u00e1ncer de Pr\u00f3stata. Consultado el 27 de mayo de 2025 desde: <a href=\"https:\/\/www.gob.mx\/insabi\/articulos\/dia-mundial-del-cancer-de-prostata-11-de-junio\">https:\/\/www.gob.mx\/insabi\/articulos\/dia-mundial-del-cancer-de-prostata-11-de-junio<\/a><\/p>\n<p><a href=\"#_ednref6\" name=\"_edn6\">[vi]<\/a> Secretar\u00eda de Salud. D\u00eda Mundial del C\u00e1ncer de Pr\u00f3stata. Consultado el 27 de mayo de 2025 desde: <a href=\"https:\/\/www.gob.mx\/insabi\/articulos\/dia-mundial-del-cancer-de-prostata-11-de-junio\">https:\/\/www.gob.mx\/insabi\/articulos\/dia-mundial-del-cancer-de-prostata-11-de-junio<\/a><\/p>\n<p><strong>Acerca de Sandoz.<\/strong><\/p>\n<p><strong>Por Issath Mart\u00ednez.<\/strong><\/p>\n<p>Sandoz (SIX: SDZ; OTCQX: SDZNY) es el l\u00edder global en medicamentos gen\u00e9ricos y biocomparables, con una estrategia de crecimiento impulsada por su prop\u00f3sito: ser pioneros en facilitar el acceso para los pacientes. 22,000 personas en m\u00e1s de 90 pa\u00edses trabajan juntas para proveer los medicamentos de Sandoz a cerca de 800 millones de pacientes en el mundo, generando sustanciales ahorros en el cuidado de la salud y un mayor impacto social.\u00a0 Su portafolio l\u00edder de m\u00e1s de 1,500 productos atiende enfermedades desde un resfriado com\u00fan hasta el c\u00e1ncer.\u00a0 Con sede en Basilea, Suiza, Sandoz tiene un legado que data de 1886.\u00a0 Su historial de avances incluye el Calcio de Sandoz en 1929, la primera penicilina oral en 1951 y el primer biocomparable en el mundo en 2006.\u00a0 En 2023, Sandoz alcanz\u00f3 ventas por 9.6 mil millones de d\u00f3lares.<\/p>\n","protected":false},"excerpt":{"rendered":"<p>De acuerdo con el Instituto Nacional de Estad\u00edstica y Geograf\u00eda (INEGI), la principal causa de muerte de hombres de 60 a\u00f1os o m\u00e1s fue por causa del c\u00e1ncer de pr\u00f3stata. \u00a0 \u00a0 \u00a0 *En M\u00e9xico se detectan m\u00e1s de 25 mil casos de c\u00e1ncer de pr\u00f3stata al a\u00f1o y m\u00e1s de 7 mil 500 personas [&hellip;]<\/p>\n","protected":false},"author":1,"featured_media":80043,"comment_status":"closed","ping_status":"open","sticky":false,"template":"","format":"standard","meta":{"rop_custom_images_group":[],"rop_custom_messages_group":[],"rop_publish_now":"initial","rop_publish_now_accounts":[],"rop_publish_now_history":[],"rop_publish_now_status":"pending","footnotes":""},"categories":[67,72,71],"tags":[],"class_list":["post-80042","post","type-post","status-publish","format-standard","has-post-thumbnail","hentry","category-ciudad","category-estado","category-salud"],"_links":{"self":[{"href":"https:\/\/notiissa.mx\/index.php?rest_route=\/wp\/v2\/posts\/80042","targetHints":{"allow":["GET"]}}],"collection":[{"href":"https:\/\/notiissa.mx\/index.php?rest_route=\/wp\/v2\/posts"}],"about":[{"href":"https:\/\/notiissa.mx\/index.php?rest_route=\/wp\/v2\/types\/post"}],"author":[{"embeddable":true,"href":"https:\/\/notiissa.mx\/index.php?rest_route=\/wp\/v2\/users\/1"}],"replies":[{"embeddable":true,"href":"https:\/\/notiissa.mx\/index.php?rest_route=%2Fwp%2Fv2%2Fcomments&post=80042"}],"version-history":[{"count":1,"href":"https:\/\/notiissa.mx\/index.php?rest_route=\/wp\/v2\/posts\/80042\/revisions"}],"predecessor-version":[{"id":80044,"href":"https:\/\/notiissa.mx\/index.php?rest_route=\/wp\/v2\/posts\/80042\/revisions\/80044"}],"wp:featuredmedia":[{"embeddable":true,"href":"https:\/\/notiissa.mx\/index.php?rest_route=\/wp\/v2\/media\/80043"}],"wp:attachment":[{"href":"https:\/\/notiissa.mx\/index.php?rest_route=%2Fwp%2Fv2%2Fmedia&parent=80042"}],"wp:term":[{"taxonomy":"category","embeddable":true,"href":"https:\/\/notiissa.mx\/index.php?rest_route=%2Fwp%2Fv2%2Fcategories&post=80042"},{"taxonomy":"post_tag","embeddable":true,"href":"https:\/\/notiissa.mx\/index.php?rest_route=%2Fwp%2Fv2%2Ftags&post=80042"}],"curies":[{"name":"wp","href":"https:\/\/api.w.org\/{rel}","templated":true}]}}