{"id":80031,"date":"2025-06-22T15:39:34","date_gmt":"2025-06-22T21:39:34","guid":{"rendered":"https:\/\/notiissa.mx\/?p=80031"},"modified":"2025-06-22T15:39:34","modified_gmt":"2025-06-22T21:39:34","slug":"eco-bahia-celebra-el-dia-mundial-de-las-tortugas-marinas","status":"publish","type":"post","link":"https:\/\/notiissa.mx\/?p=80031","title":{"rendered":"Eco-Bahia celebra el D\u00eda Mundial de las Tortugas Marinas"},"content":{"rendered":"<p class=\"yiv9585939726MsoNormal\"><strong><i><span lang=\"ES-TRAD\">\u2022 M\u00e1s de 50 ni\u00f1os y j\u00f3venes vivieron experiencias \u00fanicas para aprender a proteger a las tortugas marinas.<\/span><\/i><\/strong><\/p>\n<p class=\"yiv9585939726MsoNormal\"><strong><i><span lang=\"ES-TRAD\">\u2022 Actividades educativas y encuentros con la naturaleza fortalecieron el v\u00ednculo entre las nuevas generaciones y esta especie en peligro.<\/span><\/i><\/strong><\/p>\n<p class=\"yiv9585939726MsoNormal\"><span lang=\"ES-TRAD\">\u00a0<\/span><\/p>\n<p class=\"yiv9585939726MsoNormal\"><b><i><span lang=\"ES-TRAD\">Riviera Maya.-<\/span><\/i><\/b><span lang=\"ES-TRAD\">\u00a0En el marco del D\u00eda Mundial de las Tortugas Marinas, la Fundaci\u00f3n Eco-Bah\u00eda \u2014brazo ambiental de Grupo Pi\u00f1ero en M\u00e9xico\u2014 reafirm\u00f3 su compromiso con la conservaci\u00f3n de esta especie milenaria a trav\u00e9s de una jornada de actividades vivenciales, educativas y comunitarias dirigidas a ni\u00f1os, j\u00f3venes y sus familias en las localidades de Akumal y Chemuyil.<\/span><\/p>\n<p class=\"yiv9585939726MsoNormal\"><span lang=\"ES-TRAD\">Como parte de su programa de Educaci\u00f3n Ambiental, la Fundaci\u00f3n organiz\u00f3 la din\u00e1mica <b><i>\u201c\u00a1Hidr\u00e1tate como tortuga!\u201d junto<\/i><\/b> al equipo infantil y juvenil de voleibol de Akumal, donde 40 ni\u00f1os participaron en juegos l\u00fadicos como una loter\u00eda de amenazas, el reconocimiento de la anatom\u00eda de las tortugas marinas y el juego de rol \u201c<b>Mam\u00e1 Tortuga por un D\u00eda\u201d<\/b>. Adem\u00e1s, se entregaron cilindros reutilizables como s\u00edmbolo del compromiso por reducir pl\u00e1sticos de un solo uso, una de las principales amenazas para esta especie.<\/span><\/p>\n<p class=\"yiv9585939726MsoNormal\"><span lang=\"ES-TRAD\">Simult\u00e1neamente, en Playa Aventuras DIF se desarroll\u00f3 la actividad <b><i>\u201cTortuguero por un D\u00eda\u201d,<\/i><\/b> con la participaci\u00f3n de estudiantes de la telesecundaria Eleuterio Llanes Pasos de Chemuyil. En ella, conocieron el trabajo que realiza la Fundaci\u00f3n en sus corrales de incubaci\u00f3n, simularon el trabajo de monitoreo de nidos y aprendieron sobre el ciclo de vida y los retos de la tortuga verde, especie emblem\u00e1tica del Caribe Mexicano. La experiencia culmin\u00f3 con un encuentro en la Bah\u00eda de Akumal, donde los estudiantes pudieron observar tortugas verdes nadando en libertad.<\/span><\/p>\n<p class=\"yiv9585939726MsoNormal\"><i><span lang=\"ES-TRAD\">\u201cLa conservaci\u00f3n comienza con la educaci\u00f3n y el v\u00ednculo emocional con la naturaleza. Por eso, en Eco-Bah\u00eda trabajamos desde la ra\u00edz, sembrando conciencia en las nuevas generaciones para que se conviertan en guardianes del mar y la biodiversidad<\/span><\/i><span lang=\"ES-TRAD\">\u201d, expres\u00f3 Luis Verd\u00edn, Gerente de la Fundaci\u00f3n Eco-Bah\u00eda.<\/span><\/p>\n<p class=\"yiv9585939726MsoNormal\"><span lang=\"ES-TRAD\">\u00a0<\/span><span lang=\"ES-TRAD\">Estas actividades refuerzan el enfoque de la Fundaci\u00f3n Eco-Bah\u00eda en la protecci\u00f3n de las tortugas marinas, uno de sus proyectos fundacionales, que ha logrado proteger m\u00e1s de 1,200 nidos y m\u00e1s de 100,000 cr\u00edas tan solo en 2024. A trav\u00e9s de la educaci\u00f3n, la ciencia y la participaci\u00f3n comunitaria, el programa de conservaci\u00f3n de tortugas marinas no solo protege a esta especie, sino que inspira un modelo de turismo regenerativo y responsable en toda la regi\u00f3n.<\/span><\/p>\n<p class=\"yiv9585939726MsoNormal\"><span lang=\"ES-TRAD\">\u00a0<strong>Lorena Herrasti.<\/strong><\/span><\/p>\n<p class=\"yiv9585939726MsoNormal\">\n","protected":false},"excerpt":{"rendered":"<p>\u2022 M\u00e1s de 50 ni\u00f1os y j\u00f3venes vivieron experiencias \u00fanicas para aprender a proteger a las tortugas marinas. \u2022 Actividades educativas y encuentros con la naturaleza fortalecieron el v\u00ednculo entre las nuevas generaciones y esta especie en peligro. \u00a0 Riviera Maya.-\u00a0En el marco del D\u00eda Mundial de las Tortugas Marinas, la Fundaci\u00f3n Eco-Bah\u00eda \u2014brazo ambiental [&hellip;]<\/p>\n","protected":false},"author":1,"featured_media":80032,"comment_status":"closed","ping_status":"open","sticky":false,"template":"","format":"standard","meta":{"rop_custom_images_group":[],"rop_custom_messages_group":[],"rop_publish_now":"initial","rop_publish_now_accounts":[],"rop_publish_now_history":[],"rop_publish_now_status":"pending","footnotes":""},"categories":[75,67,72,66],"tags":[23],"class_list":["post-80031","post","type-post","status-publish","format-standard","has-post-thumbnail","hentry","category-actualidad","category-ciudad","category-estado","category-estilo-de-vida","tag-destacado"],"_links":{"self":[{"href":"https:\/\/notiissa.mx\/index.php?rest_route=\/wp\/v2\/posts\/80031","targetHints":{"allow":["GET"]}}],"collection":[{"href":"https:\/\/notiissa.mx\/index.php?rest_route=\/wp\/v2\/posts"}],"about":[{"href":"https:\/\/notiissa.mx\/index.php?rest_route=\/wp\/v2\/types\/post"}],"author":[{"embeddable":true,"href":"https:\/\/notiissa.mx\/index.php?rest_route=\/wp\/v2\/users\/1"}],"replies":[{"embeddable":true,"href":"https:\/\/notiissa.mx\/index.php?rest_route=%2Fwp%2Fv2%2Fcomments&post=80031"}],"version-history":[{"count":1,"href":"https:\/\/notiissa.mx\/index.php?rest_route=\/wp\/v2\/posts\/80031\/revisions"}],"predecessor-version":[{"id":80033,"href":"https:\/\/notiissa.mx\/index.php?rest_route=\/wp\/v2\/posts\/80031\/revisions\/80033"}],"wp:featuredmedia":[{"embeddable":true,"href":"https:\/\/notiissa.mx\/index.php?rest_route=\/wp\/v2\/media\/80032"}],"wp:attachment":[{"href":"https:\/\/notiissa.mx\/index.php?rest_route=%2Fwp%2Fv2%2Fmedia&parent=80031"}],"wp:term":[{"taxonomy":"category","embeddable":true,"href":"https:\/\/notiissa.mx\/index.php?rest_route=%2Fwp%2Fv2%2Fcategories&post=80031"},{"taxonomy":"post_tag","embeddable":true,"href":"https:\/\/notiissa.mx\/index.php?rest_route=%2Fwp%2Fv2%2Ftags&post=80031"}],"curies":[{"name":"wp","href":"https:\/\/api.w.org\/{rel}","templated":true}]}}