{"id":79998,"date":"2025-06-21T12:20:58","date_gmt":"2025-06-21T18:20:58","guid":{"rendered":"https:\/\/notiissa.mx\/?p=79998"},"modified":"2025-06-21T12:20:58","modified_gmt":"2025-06-21T18:20:58","slug":"entrega-diputado-utiles-escolares-en-jimenez","status":"publish","type":"post","link":"https:\/\/notiissa.mx\/?p=79998","title":{"rendered":"Entrega diputado \u00fatiles escolares en Jim\u00e9nez"},"content":{"rendered":"<p><strong>Jim\u00e9nez, Chihuahua.\u2013<\/strong> El diputado local por el Partido Acci\u00f3n Nacional (PAN), Arturo Zub\u00eda Fern\u00e1ndez, visit\u00f3 el municipio de Jim\u00e9nez para hacer entrega de \u00fatiles escolares en tres instituciones educativas:<\/p>\n<p>&#8211; Jard\u00edn de Ni\u00f1os Am\u00e9ricas<br \/>\n&#8211; Escuela Primaria Guadalupe Victoria<br \/>\n&#8211; Escuela Primaria Emiliano Zapata<\/p>\n<p>Esta entrega representa un esfuerzo en conjunto con Gobierno del Estado, encabezado por la gobernadora Maru Campos Galv\u00e1n, para garantizar que m\u00e1s ni\u00f1as y ni\u00f1os tengan acceso a herramientas que fortalezcan su aprendizaje y su desarrollo escolar.<\/p>\n<p>\u201cEl rostro de alegr\u00eda de cada ni\u00f1a y ni\u00f1o nos motiva a seguir gestionando sin descanso. Trabajaremos hasta el cansancio por el futuro de nuestra ni\u00f1ez\u201d, expres\u00f3 el diputado Arturo Zub\u00eda durante la jornada.<\/p>\n<p>Estas acciones forman parte de una agenda permanente de atenci\u00f3n a la educaci\u00f3n en las comunidades del Distrito XX, donde se ha priorizado el impulso a la ni\u00f1ez como base del bienestar social.<\/p>\n<p>Con este tipo de iniciativas, el diputado Arturo Zub\u00eda reafirma su compromiso de seguir tocando puertas, llevando resultados concretos y asegurando que el apoyo llegue a quienes m\u00e1s lo necesitan.<\/p>\n","protected":false},"excerpt":{"rendered":"<p>Jim\u00e9nez, Chihuahua.\u2013 El diputado local por el Partido Acci\u00f3n Nacional (PAN), Arturo Zub\u00eda Fern\u00e1ndez, visit\u00f3 el municipio de Jim\u00e9nez para hacer entrega de \u00fatiles escolares en tres instituciones educativas: &#8211; Jard\u00edn de Ni\u00f1os Am\u00e9ricas &#8211; Escuela Primaria Guadalupe Victoria &#8211; Escuela Primaria Emiliano Zapata Esta entrega representa un esfuerzo en conjunto con Gobierno del Estado, [&hellip;]<\/p>\n","protected":false},"author":1,"featured_media":79999,"comment_status":"closed","ping_status":"open","sticky":false,"template":"","format":"standard","meta":{"rop_custom_images_group":[],"rop_custom_messages_group":[],"rop_publish_now":"initial","rop_publish_now_accounts":[],"rop_publish_now_history":[],"rop_publish_now_status":"pending","footnotes":""},"categories":[67,64,72],"tags":[23],"class_list":["post-79998","post","type-post","status-publish","format-standard","has-post-thumbnail","hentry","category-ciudad","category-educacion","category-estado","tag-destacado"],"_links":{"self":[{"href":"https:\/\/notiissa.mx\/index.php?rest_route=\/wp\/v2\/posts\/79998","targetHints":{"allow":["GET"]}}],"collection":[{"href":"https:\/\/notiissa.mx\/index.php?rest_route=\/wp\/v2\/posts"}],"about":[{"href":"https:\/\/notiissa.mx\/index.php?rest_route=\/wp\/v2\/types\/post"}],"author":[{"embeddable":true,"href":"https:\/\/notiissa.mx\/index.php?rest_route=\/wp\/v2\/users\/1"}],"replies":[{"embeddable":true,"href":"https:\/\/notiissa.mx\/index.php?rest_route=%2Fwp%2Fv2%2Fcomments&post=79998"}],"version-history":[{"count":1,"href":"https:\/\/notiissa.mx\/index.php?rest_route=\/wp\/v2\/posts\/79998\/revisions"}],"predecessor-version":[{"id":80000,"href":"https:\/\/notiissa.mx\/index.php?rest_route=\/wp\/v2\/posts\/79998\/revisions\/80000"}],"wp:featuredmedia":[{"embeddable":true,"href":"https:\/\/notiissa.mx\/index.php?rest_route=\/wp\/v2\/media\/79999"}],"wp:attachment":[{"href":"https:\/\/notiissa.mx\/index.php?rest_route=%2Fwp%2Fv2%2Fmedia&parent=79998"}],"wp:term":[{"taxonomy":"category","embeddable":true,"href":"https:\/\/notiissa.mx\/index.php?rest_route=%2Fwp%2Fv2%2Fcategories&post=79998"},{"taxonomy":"post_tag","embeddable":true,"href":"https:\/\/notiissa.mx\/index.php?rest_route=%2Fwp%2Fv2%2Ftags&post=79998"}],"curies":[{"name":"wp","href":"https:\/\/api.w.org\/{rel}","templated":true}]}}