{"id":79989,"date":"2025-06-20T17:38:07","date_gmt":"2025-06-20T23:38:07","guid":{"rendered":"https:\/\/notiissa.mx\/?p=79989"},"modified":"2025-06-20T17:38:07","modified_gmt":"2025-06-20T23:38:07","slug":"como-mantener-fresco-tu-hogar-y-ahorrar-energia","status":"publish","type":"post","link":"https:\/\/notiissa.mx\/?p=79989","title":{"rendered":"\u00bfC\u00f3mo mantener fresco tu hogar y ahorrar energ\u00eda?"},"content":{"rendered":"<p><strong>Ciudad de Chihuahua.-<\/strong> La Coordinaci\u00f3n de Medio Ambiente y Protecci\u00f3n Animal, invita a las familias a adoptar medidas para evitar el calor en sus hogares sin aumentar el consumo de energ\u00eda el\u00e9ctrica, durante la temporada de calor.<\/p>\n<p>Lo anterior, como parte de las acciones para promover h\u00e1bitos responsables que contribuyan al cuidado del medio ambiente.<\/p>\n<p><strong>Puedes realizar acciones desde casa como:<\/strong><\/p>\n<p>\u2022 Mantener cerradas las cortinas o persianas durante el d\u00eda para bloquear el sol y evitar que se caliente el interior.<br \/>\n\u2022 Abrir puertas y ventanas por la ma\u00f1ana y al anochecer para dejar entrar el aire fresco y ventilar.<br \/>\n\u2022 Usar ventiladores en lugar del aire acondicionado y procurar mantenerlos limpios para un mejor funcionamiento.<br \/>\n\u2022 Apagar focos y aparatos el\u00e9ctricos que no se usen, ya que tambi\u00e9n generan calor.<br \/>\n\u2022 Cambiar los focos tradicionales por focos LED, que no se calientan y consumen menos energ\u00eda.<\/p>\n<p>Estas pr\u00e1cticas ayudan a mantener los interiores m\u00e1s frescos y a reducir el consumo de energ\u00eda el\u00e9ctrica en el hogar, oficinas y otros espacios.<\/p>\n","protected":false},"excerpt":{"rendered":"<p>Ciudad de Chihuahua.- La Coordinaci\u00f3n de Medio Ambiente y Protecci\u00f3n Animal, invita a las familias a adoptar medidas para evitar el calor en sus hogares sin aumentar el consumo de energ\u00eda el\u00e9ctrica, durante la temporada de calor. Lo anterior, como parte de las acciones para promover h\u00e1bitos responsables que contribuyan al cuidado del medio ambiente. [&hellip;]<\/p>\n","protected":false},"author":1,"featured_media":79990,"comment_status":"closed","ping_status":"open","sticky":false,"template":"","format":"standard","meta":{"rop_custom_images_group":[],"rop_custom_messages_group":[],"rop_publish_now":"initial","rop_publish_now_accounts":[],"rop_publish_now_history":[],"rop_publish_now_status":"pending","footnotes":""},"categories":[67,72],"tags":[],"class_list":["post-79989","post","type-post","status-publish","format-standard","has-post-thumbnail","hentry","category-ciudad","category-estado"],"_links":{"self":[{"href":"https:\/\/notiissa.mx\/index.php?rest_route=\/wp\/v2\/posts\/79989","targetHints":{"allow":["GET"]}}],"collection":[{"href":"https:\/\/notiissa.mx\/index.php?rest_route=\/wp\/v2\/posts"}],"about":[{"href":"https:\/\/notiissa.mx\/index.php?rest_route=\/wp\/v2\/types\/post"}],"author":[{"embeddable":true,"href":"https:\/\/notiissa.mx\/index.php?rest_route=\/wp\/v2\/users\/1"}],"replies":[{"embeddable":true,"href":"https:\/\/notiissa.mx\/index.php?rest_route=%2Fwp%2Fv2%2Fcomments&post=79989"}],"version-history":[{"count":1,"href":"https:\/\/notiissa.mx\/index.php?rest_route=\/wp\/v2\/posts\/79989\/revisions"}],"predecessor-version":[{"id":79991,"href":"https:\/\/notiissa.mx\/index.php?rest_route=\/wp\/v2\/posts\/79989\/revisions\/79991"}],"wp:featuredmedia":[{"embeddable":true,"href":"https:\/\/notiissa.mx\/index.php?rest_route=\/wp\/v2\/media\/79990"}],"wp:attachment":[{"href":"https:\/\/notiissa.mx\/index.php?rest_route=%2Fwp%2Fv2%2Fmedia&parent=79989"}],"wp:term":[{"taxonomy":"category","embeddable":true,"href":"https:\/\/notiissa.mx\/index.php?rest_route=%2Fwp%2Fv2%2Fcategories&post=79989"},{"taxonomy":"post_tag","embeddable":true,"href":"https:\/\/notiissa.mx\/index.php?rest_route=%2Fwp%2Fv2%2Ftags&post=79989"}],"curies":[{"name":"wp","href":"https:\/\/api.w.org\/{rel}","templated":true}]}}