{"id":79986,"date":"2025-06-20T17:20:10","date_gmt":"2025-06-20T23:20:10","guid":{"rendered":"https:\/\/notiissa.mx\/?p=79986"},"modified":"2025-06-20T17:20:10","modified_gmt":"2025-06-20T23:20:10","slug":"alex-dominguez-rechazamos-la-nueva-reforma-a-la-guardia-nacional","status":"publish","type":"post","link":"https:\/\/notiissa.mx\/?p=79986","title":{"rendered":"Alex Dom\u00ednguez: \u00abrechazamos la nueva reforma a la Guardia Nacional\u00bb"},"content":{"rendered":"<p><strong>Chihuahua.-<\/strong> El diputado federal por el PRI, Alejandro Dom\u00ednguez, manifest\u00f3 su rotundo rechazo a la pr\u00f3xima iniciativa de reforma impulsada por Morena, la cual busca consolidar el control de la Guardia Nacional bajo un mando militar permanente. Dom\u00ednguez advirti\u00f3 que dicha propuesta representa una amenaza directa al equilibrio democr\u00e1tico, al respeto a los derechos humanos y a la eficacia de la seguridad p\u00fablica en M\u00e9xico.<\/p>\n<p>\u201cEsta reforma profundiza una estrategia que ha fracasado en reducir la violencia y que pone en manos del Ej\u00e9rcito tareas que deben ser responsabilidad de instituciones civiles. No vamos a permitir que se debiliten los contrapesos constitucionales y se sacrifique la transparencia en nombre de una seguridad que no llega\u201d, declar\u00f3 el priista.<\/p>\n<p>Entre los principales riesgos que el PRI ha identificado en esta reforma, destacan la consolidaci\u00f3n de un modelo militar estructural e indefinido. Aunque la Guardia Nacional fue concebida como un cuerpo civil, actualmente el 88\u202f% de sus m\u00e1s de 132,000 elementos provienen del Ej\u00e9rcito, lo cual, con esta reforma, pasar\u00eda de ser un hecho de facto a una norma legal, integrando plenamente a la GN en la estructura de la Secretar\u00eda de la Defensa Nacional (Sedena).<\/p>\n<p>Otro punto cr\u00edtico se\u00f1alado por Dom\u00ednguez es el fortalecimiento del fuero militar y el debilitamiento de los mecanismos de rendici\u00f3n de cuentas. Entre 2019 y 2024, la Comisi\u00f3n Nacional de los Derechos Humanos (CNDH) recibi\u00f3 m\u00e1s de 1,700 quejas por presuntas violaciones a derechos humanos cometidas por la Guardia Nacional, sin que se hayan observado consecuencias judiciales efectivas. El traslado de los procesos disciplinarios al \u00e1mbito militar representa un obst\u00e1culo serio para la justicia.<\/p>\n<p>\u201cEl PRI de Chihuahua no va a ser c\u00f3mplice de un retroceso hist\u00f3rico. Queremos una Guardia Nacional profesional, civil y eficiente, pero sobre todo, una seguridad p\u00fablica que no est\u00e9 basada en el miedo, la opacidad ni en el uso desproporcionado de la fuerza\u201d, enfatiz\u00f3 el diputado.<\/p>\n<p>&nbsp;<\/p>\n","protected":false},"excerpt":{"rendered":"<p>Chihuahua.- El diputado federal por el PRI, Alejandro Dom\u00ednguez, manifest\u00f3 su rotundo rechazo a la pr\u00f3xima iniciativa de reforma impulsada por Morena, la cual busca consolidar el control de la Guardia Nacional bajo un mando militar permanente. Dom\u00ednguez advirti\u00f3 que dicha propuesta representa una amenaza directa al equilibrio democr\u00e1tico, al respeto a los derechos humanos [&hellip;]<\/p>\n","protected":false},"author":1,"featured_media":79987,"comment_status":"closed","ping_status":"open","sticky":false,"template":"","format":"standard","meta":{"rop_custom_images_group":[],"rop_custom_messages_group":[],"rop_publish_now":"initial","rop_publish_now_accounts":[],"rop_publish_now_history":[],"rop_publish_now_status":"pending","footnotes":""},"categories":[67,72],"tags":[23],"class_list":["post-79986","post","type-post","status-publish","format-standard","has-post-thumbnail","hentry","category-ciudad","category-estado","tag-destacado"],"_links":{"self":[{"href":"https:\/\/notiissa.mx\/index.php?rest_route=\/wp\/v2\/posts\/79986","targetHints":{"allow":["GET"]}}],"collection":[{"href":"https:\/\/notiissa.mx\/index.php?rest_route=\/wp\/v2\/posts"}],"about":[{"href":"https:\/\/notiissa.mx\/index.php?rest_route=\/wp\/v2\/types\/post"}],"author":[{"embeddable":true,"href":"https:\/\/notiissa.mx\/index.php?rest_route=\/wp\/v2\/users\/1"}],"replies":[{"embeddable":true,"href":"https:\/\/notiissa.mx\/index.php?rest_route=%2Fwp%2Fv2%2Fcomments&post=79986"}],"version-history":[{"count":1,"href":"https:\/\/notiissa.mx\/index.php?rest_route=\/wp\/v2\/posts\/79986\/revisions"}],"predecessor-version":[{"id":79988,"href":"https:\/\/notiissa.mx\/index.php?rest_route=\/wp\/v2\/posts\/79986\/revisions\/79988"}],"wp:featuredmedia":[{"embeddable":true,"href":"https:\/\/notiissa.mx\/index.php?rest_route=\/wp\/v2\/media\/79987"}],"wp:attachment":[{"href":"https:\/\/notiissa.mx\/index.php?rest_route=%2Fwp%2Fv2%2Fmedia&parent=79986"}],"wp:term":[{"taxonomy":"category","embeddable":true,"href":"https:\/\/notiissa.mx\/index.php?rest_route=%2Fwp%2Fv2%2Fcategories&post=79986"},{"taxonomy":"post_tag","embeddable":true,"href":"https:\/\/notiissa.mx\/index.php?rest_route=%2Fwp%2Fv2%2Ftags&post=79986"}],"curies":[{"name":"wp","href":"https:\/\/api.w.org\/{rel}","templated":true}]}}