{"id":79983,"date":"2025-06-20T16:50:01","date_gmt":"2025-06-20T22:50:01","guid":{"rendered":"https:\/\/notiissa.mx\/?p=79983"},"modified":"2025-06-20T16:50:01","modified_gmt":"2025-06-20T22:50:01","slug":"invita-pri-municipal-a-zumbaton-y-veraneada","status":"publish","type":"post","link":"https:\/\/notiissa.mx\/?p=79983","title":{"rendered":"Invita PRI Municipal a zumbaton y veraneada"},"content":{"rendered":"<p><strong>En sus instalaciones de la calle Progreso.<\/strong><\/p>\n<p><strong>Por Silvia Madrid A.\u00a0<\/strong><\/p>\n<p><strong>Ciudad de Chihuahua.-<\/strong> El dirigente municipal del PRI Pedro Beristain invita al p\u00fablico en general al zumbaton que se realizar\u00e1 el s\u00e1bado 28 de junio a partir de las 9 de las ma\u00f1ana en sus instalaciones de la calle Progreso.<\/p>\n<p>La clase estar\u00e1 a cargo de Teresa Camacho instructora experta y participar\u00e1n 23 grupos de baile; los interesados deber\u00e1n entregar alg\u00fan art\u00edculo no perecedero para integrar despensas que ser\u00e1n entregadas en las colonias m\u00e1s marginadas de la ciudad.<\/p>\n<p>La clase de zumba est\u00e1 dirigida a personas de todas las edades: ni\u00f1os, j\u00f3venes, adultos y adultos mayores pues el objetivo adem\u00e1s de reunir art\u00edculos para despensas y apoyar a familias necesitada es invitar a la activaci\u00f3n f\u00edsica.<\/p>\n<p>La instructora coment\u00f3 que es una buena terapia este ejercicio para las personas con estr\u00e9s, ansiedad, ataques de miedo, y por supuesto a quienes gustan del ejercicio y el baile.<\/p>\n<p>El PRI Municipal tambi\u00e9n invitas a la veraneada San Pedro que tendr\u00e1 una duraci\u00f3n de tres semanas e iniciar\u00e1 el 30 de junio. Estar\u00e1 a cargo el profesor Ezequiel Manr\u00edquez y es para ni\u00f1os y adolescentes de 6 a 14 a\u00f1os quienes recibir\u00e1n clases deportivas y cada viernes ser\u00e1 acu\u00e1tico para que los participantes se refresquen con diversos juegos, aunque sin alberca.<\/p>\n<p>La veraneada tiene un costo de 1 mil 800 pesos y es una opci\u00f3n para que los ni\u00f1os y adolescentes se diviertan en estas vacaciones y en un lugar seguro mientras sus padres trabajan. Ser\u00e1 en las. Instalaciones del PRI Municipal en la calle Progreso.<\/p>\n","protected":false},"excerpt":{"rendered":"<p>En sus instalaciones de la calle Progreso. Por Silvia Madrid A.\u00a0 Ciudad de Chihuahua.- El dirigente municipal del PRI Pedro Beristain invita al p\u00fablico en general al zumbaton que se realizar\u00e1 el s\u00e1bado 28 de junio a partir de las 9 de las ma\u00f1ana en sus instalaciones de la calle Progreso. La clase estar\u00e1 a [&hellip;]<\/p>\n","protected":false},"author":1,"featured_media":79984,"comment_status":"closed","ping_status":"open","sticky":false,"template":"","format":"standard","meta":{"rop_custom_images_group":[],"rop_custom_messages_group":[],"rop_publish_now":"initial","rop_publish_now_accounts":[],"rop_publish_now_history":[],"rop_publish_now_status":"pending","footnotes":""},"categories":[67,72],"tags":[23],"class_list":["post-79983","post","type-post","status-publish","format-standard","has-post-thumbnail","hentry","category-ciudad","category-estado","tag-destacado"],"_links":{"self":[{"href":"https:\/\/notiissa.mx\/index.php?rest_route=\/wp\/v2\/posts\/79983","targetHints":{"allow":["GET"]}}],"collection":[{"href":"https:\/\/notiissa.mx\/index.php?rest_route=\/wp\/v2\/posts"}],"about":[{"href":"https:\/\/notiissa.mx\/index.php?rest_route=\/wp\/v2\/types\/post"}],"author":[{"embeddable":true,"href":"https:\/\/notiissa.mx\/index.php?rest_route=\/wp\/v2\/users\/1"}],"replies":[{"embeddable":true,"href":"https:\/\/notiissa.mx\/index.php?rest_route=%2Fwp%2Fv2%2Fcomments&post=79983"}],"version-history":[{"count":1,"href":"https:\/\/notiissa.mx\/index.php?rest_route=\/wp\/v2\/posts\/79983\/revisions"}],"predecessor-version":[{"id":79985,"href":"https:\/\/notiissa.mx\/index.php?rest_route=\/wp\/v2\/posts\/79983\/revisions\/79985"}],"wp:featuredmedia":[{"embeddable":true,"href":"https:\/\/notiissa.mx\/index.php?rest_route=\/wp\/v2\/media\/79984"}],"wp:attachment":[{"href":"https:\/\/notiissa.mx\/index.php?rest_route=%2Fwp%2Fv2%2Fmedia&parent=79983"}],"wp:term":[{"taxonomy":"category","embeddable":true,"href":"https:\/\/notiissa.mx\/index.php?rest_route=%2Fwp%2Fv2%2Fcategories&post=79983"},{"taxonomy":"post_tag","embeddable":true,"href":"https:\/\/notiissa.mx\/index.php?rest_route=%2Fwp%2Fv2%2Ftags&post=79983"}],"curies":[{"name":"wp","href":"https:\/\/api.w.org\/{rel}","templated":true}]}}