{"id":79631,"date":"2025-06-13T08:04:00","date_gmt":"2025-06-13T14:04:00","guid":{"rendered":"https:\/\/notiissa.mx\/?p=79631"},"modified":"2025-06-13T08:04:00","modified_gmt":"2025-06-13T14:04:00","slug":"ratifica-alcalde-trabajo-conjunto-en-riberas-del-sacramento","status":"publish","type":"post","link":"https:\/\/notiissa.mx\/?p=79631","title":{"rendered":"Ratifica Alcalde trabajo conjunto en Riberas del Sacramento"},"content":{"rendered":"<p><strong>&#8211; Atienden a ni\u00f1as y ni\u00f1os en situaci\u00f3n de vulnerabilidad.<\/strong><\/p>\n<p>Ciudad de Chihuahua.- El alcalde Marco Bonilla, visit\u00f3 las instalaciones del Centro de Bienestar Infantil, ubicado en la iglesia \u00abLa Victoria\u00bb, para ratificar el trabajo y compromiso del Gobierno Municipal con este espacio que atiende a ni\u00f1as y ni\u00f1os de la zona en situaci\u00f3n de vulnerabilidad, as\u00ed como sede que trabaja junto al DIF Municipal por medio del programa \u00abLa Calle No Es Su Lugar\u00bb, a fin de brindar comida y transporte que los lleve a sus escuelas mientras pap\u00e1s y mam\u00e1s trabajan.<\/p>\n","protected":false},"excerpt":{"rendered":"<p>&#8211; Atienden a ni\u00f1as y ni\u00f1os en situaci\u00f3n de vulnerabilidad. Ciudad de Chihuahua.- El alcalde Marco Bonilla, visit\u00f3 las instalaciones del Centro de Bienestar Infantil, ubicado en la iglesia \u00abLa Victoria\u00bb, para ratificar el trabajo y compromiso del Gobierno Municipal con este espacio que atiende a ni\u00f1as y ni\u00f1os de la zona en situaci\u00f3n de [&hellip;]<\/p>\n","protected":false},"author":1,"featured_media":79632,"comment_status":"closed","ping_status":"open","sticky":false,"template":"","format":"standard","meta":{"rop_custom_images_group":[],"rop_custom_messages_group":[],"rop_publish_now":"initial","rop_publish_now_accounts":[],"rop_publish_now_history":[],"rop_publish_now_status":"pending","footnotes":""},"categories":[67,64,72],"tags":[23],"class_list":["post-79631","post","type-post","status-publish","format-standard","has-post-thumbnail","hentry","category-ciudad","category-educacion","category-estado","tag-destacado"],"_links":{"self":[{"href":"https:\/\/notiissa.mx\/index.php?rest_route=\/wp\/v2\/posts\/79631","targetHints":{"allow":["GET"]}}],"collection":[{"href":"https:\/\/notiissa.mx\/index.php?rest_route=\/wp\/v2\/posts"}],"about":[{"href":"https:\/\/notiissa.mx\/index.php?rest_route=\/wp\/v2\/types\/post"}],"author":[{"embeddable":true,"href":"https:\/\/notiissa.mx\/index.php?rest_route=\/wp\/v2\/users\/1"}],"replies":[{"embeddable":true,"href":"https:\/\/notiissa.mx\/index.php?rest_route=%2Fwp%2Fv2%2Fcomments&post=79631"}],"version-history":[{"count":1,"href":"https:\/\/notiissa.mx\/index.php?rest_route=\/wp\/v2\/posts\/79631\/revisions"}],"predecessor-version":[{"id":79633,"href":"https:\/\/notiissa.mx\/index.php?rest_route=\/wp\/v2\/posts\/79631\/revisions\/79633"}],"wp:featuredmedia":[{"embeddable":true,"href":"https:\/\/notiissa.mx\/index.php?rest_route=\/wp\/v2\/media\/79632"}],"wp:attachment":[{"href":"https:\/\/notiissa.mx\/index.php?rest_route=%2Fwp%2Fv2%2Fmedia&parent=79631"}],"wp:term":[{"taxonomy":"category","embeddable":true,"href":"https:\/\/notiissa.mx\/index.php?rest_route=%2Fwp%2Fv2%2Fcategories&post=79631"},{"taxonomy":"post_tag","embeddable":true,"href":"https:\/\/notiissa.mx\/index.php?rest_route=%2Fwp%2Fv2%2Ftags&post=79631"}],"curies":[{"name":"wp","href":"https:\/\/api.w.org\/{rel}","templated":true}]}}