{"id":79505,"date":"2025-06-10T10:11:54","date_gmt":"2025-06-10T16:11:54","guid":{"rendered":"https:\/\/notiissa.mx\/?p=79505"},"modified":"2025-06-10T10:11:54","modified_gmt":"2025-06-10T16:11:54","slug":"inician-restauracion-y-reubicacion-del-monumento-indio-victorio","status":"publish","type":"post","link":"https:\/\/notiissa.mx\/?p=79505","title":{"rendered":"Inician restauraci\u00f3n y reubicaci\u00f3n del Monumento Indio Victorio"},"content":{"rendered":"<p><strong>&#8211; La escultura ser\u00e1 colocada en la Plaza \u201cTierra de Encuentro\u201d, en la zona Centro.<\/strong><\/p>\n<p><strong>Ciudad de Chihuahua.-<\/strong> La Direcci\u00f3n de Mantenimiento Urbano y la Direcci\u00f3n de Obras P\u00fablicas municipales, inici\u00f3 la restauraci\u00f3n y reubicaci\u00f3n del monumento al l\u00edder apache chiricahua Pedro Cedillo, conocido como Victorio, con el fin de preservar su memoria y rendir homenaje a la trayectoria y esp\u00edritu de resistencia del pueblo apache.<\/p>\n<p>Con una inversi\u00f3n superior al mill\u00f3n de pesos, la escultura ser\u00e1 trasladada a la plaza \u201cTierra de Encuentro\u201d, ubicada en la Zona Centro de la ciudad de Chihuahua. El proyecto contempla la restauraci\u00f3n del monumento al Indio Victorio, al cual se le repondr\u00e1n varias piezas debido a actos vand\u00e1licos, se har\u00e1n trabajos como la reubicaci\u00f3n de tomas de riego, vegetaci\u00f3n y de la escultura de los venaditos existente en el lugar. Tambi\u00e9n se construir\u00e1 un basamento de concreto revestido con cantera, donde se colocar\u00e1 la estatua.<\/p>\n<p>Cabe se\u00f1alar que, con el prop\u00f3sito de proteger el entorno natural del sitio, todas las acciones estar\u00e1n orientadas a cuidar los detalles y mantener la esencia del espacio p\u00fablico.<\/p>\n<p>Desde 2021, la asociaci\u00f3n civil Chihuahua Apache ha impulsado esta iniciativa con el objetivo de recuperar y divulgar la memoria hist\u00f3rica del pueblo apache. El monumento dedicado a Victorio honra el legado de un l\u00edder que se enfrent\u00f3 a la expansi\u00f3n estadounidense y mexicana en el siglo XIX, convirti\u00e9ndose en un emblema de resistencia en defensa de su gente y territorio, en el contexto de la guerra contra los apaches encabezada en M\u00e9xico por el coronel Joaqu\u00edn Terrazas.<\/p>\n<p>Victorio fue abatido el 14 de octubre de 1880 en la regi\u00f3n monta\u00f1osa de Tres Castillos, ubicada en el municipio de Coyame. Esta confrontaci\u00f3n represent\u00f3 el desenlace de las guerras apaches en el estado de Chihuahua.<\/p>\n<p>El Gobierno Municipal de Chihuahua reafirma su compromiso con la preservaci\u00f3n de la memoria hist\u00f3rica y la dignificaci\u00f3n de los espacios p\u00fablicos, entendidos como escenarios vivos de identidad, encuentro y reflexi\u00f3n ciudadana.<\/p>\n","protected":false},"excerpt":{"rendered":"<p>&#8211; La escultura ser\u00e1 colocada en la Plaza \u201cTierra de Encuentro\u201d, en la zona Centro. Ciudad de Chihuahua.- La Direcci\u00f3n de Mantenimiento Urbano y la Direcci\u00f3n de Obras P\u00fablicas municipales, inici\u00f3 la restauraci\u00f3n y reubicaci\u00f3n del monumento al l\u00edder apache chiricahua Pedro Cedillo, conocido como Victorio, con el fin de preservar su memoria y rendir [&hellip;]<\/p>\n","protected":false},"author":1,"featured_media":79506,"comment_status":"closed","ping_status":"open","sticky":false,"template":"","format":"standard","meta":{"rop_custom_images_group":[],"rop_custom_messages_group":[],"rop_publish_now":"initial","rop_publish_now_accounts":[],"rop_publish_now_history":[],"rop_publish_now_status":"pending","footnotes":""},"categories":[67,62,72],"tags":[23],"class_list":["post-79505","post","type-post","status-publish","format-standard","has-post-thumbnail","hentry","category-ciudad","category-cultura","category-estado","tag-destacado"],"_links":{"self":[{"href":"https:\/\/notiissa.mx\/index.php?rest_route=\/wp\/v2\/posts\/79505","targetHints":{"allow":["GET"]}}],"collection":[{"href":"https:\/\/notiissa.mx\/index.php?rest_route=\/wp\/v2\/posts"}],"about":[{"href":"https:\/\/notiissa.mx\/index.php?rest_route=\/wp\/v2\/types\/post"}],"author":[{"embeddable":true,"href":"https:\/\/notiissa.mx\/index.php?rest_route=\/wp\/v2\/users\/1"}],"replies":[{"embeddable":true,"href":"https:\/\/notiissa.mx\/index.php?rest_route=%2Fwp%2Fv2%2Fcomments&post=79505"}],"version-history":[{"count":1,"href":"https:\/\/notiissa.mx\/index.php?rest_route=\/wp\/v2\/posts\/79505\/revisions"}],"predecessor-version":[{"id":79507,"href":"https:\/\/notiissa.mx\/index.php?rest_route=\/wp\/v2\/posts\/79505\/revisions\/79507"}],"wp:featuredmedia":[{"embeddable":true,"href":"https:\/\/notiissa.mx\/index.php?rest_route=\/wp\/v2\/media\/79506"}],"wp:attachment":[{"href":"https:\/\/notiissa.mx\/index.php?rest_route=%2Fwp%2Fv2%2Fmedia&parent=79505"}],"wp:term":[{"taxonomy":"category","embeddable":true,"href":"https:\/\/notiissa.mx\/index.php?rest_route=%2Fwp%2Fv2%2Fcategories&post=79505"},{"taxonomy":"post_tag","embeddable":true,"href":"https:\/\/notiissa.mx\/index.php?rest_route=%2Fwp%2Fv2%2Ftags&post=79505"}],"curies":[{"name":"wp","href":"https:\/\/api.w.org\/{rel}","templated":true}]}}