{"id":79209,"date":"2025-06-02T13:21:08","date_gmt":"2025-06-02T19:21:08","guid":{"rendered":"https:\/\/notiissa.mx\/?p=79209"},"modified":"2025-06-02T13:21:08","modified_gmt":"2025-06-02T19:21:08","slug":"el-diputado-arturo-zubia-visita-a-vecinos-de-la-miguel-angel-nino","status":"publish","type":"post","link":"https:\/\/notiissa.mx\/?p=79209","title":{"rendered":"El diputado Arturo Zubia visita a vecinos de la Miguel \u00c1ngel Ni\u00f1o"},"content":{"rendered":"<p><strong>Camargo, Chihuahua.-<\/strong> El diputado por el Partido Acci\u00f3n Nacional (PAN), Arturo Zub\u00eda Fern\u00e1ndez, visit\u00f3 a las vecinas y vecinos de la colonia Miguel \u00c1ngel Ni\u00f1o, una comunidad fundada hace m\u00e1s de 10 a\u00f1os con el prop\u00f3sito de brindar a las familias trabajadoras del campo acceso a una vivienda digna y a un patrimonio familiar con costos accesibles.<\/p>\n<p>Durante la visita, el diputado entreg\u00f3 apoyos alimenticios como muestra de solidaridad y compromiso con quienes m\u00e1s lo necesitan. \u201cEste apoyo es tambi\u00e9n un recordatorio de que no est\u00e1n solos, de que cuentan con su diputado y con un equipo que trabaja todos los d\u00edas para servirles con responsabilidad y cercan\u00eda\u201d, expres\u00f3.<\/p>\n<p>Adem\u00e1s, atendiendo a una solicitud de la propia comunidad, el legislador se comprometi\u00f3 a llevar arbolitos para reforestar la colonia, una acci\u00f3n que contribuir\u00e1 al mejoramiento ambiental y al bienestar colectivo.<\/p>\n<p>Arturo Zubia reiter\u00f3 que su labor como representante no se limita al Congreso, sino que implica recorrer cada rinc\u00f3n del distrito, escuchar de frente a la gente y trabajar con el coraz\u00f3n por el bienestar de todas las familias.<\/p>\n<p>\u201cMi compromiso es seguir caminando junto a ustedes, atendiendo sus necesidades con hechos y no solo con palabras. Estoy a sus \u00f3rdenes, siempre\u201d, concluy\u00f3 el diputado.<\/p>\n","protected":false},"excerpt":{"rendered":"<p>Camargo, Chihuahua.- El diputado por el Partido Acci\u00f3n Nacional (PAN), Arturo Zub\u00eda Fern\u00e1ndez, visit\u00f3 a las vecinas y vecinos de la colonia Miguel \u00c1ngel Ni\u00f1o, una comunidad fundada hace m\u00e1s de 10 a\u00f1os con el prop\u00f3sito de brindar a las familias trabajadoras del campo acceso a una vivienda digna y a un patrimonio familiar con [&hellip;]<\/p>\n","protected":false},"author":1,"featured_media":79210,"comment_status":"closed","ping_status":"open","sticky":false,"template":"","format":"standard","meta":{"rop_custom_images_group":[],"rop_custom_messages_group":[],"rop_publish_now":"initial","rop_publish_now_accounts":[],"rop_publish_now_history":[],"rop_publish_now_status":"pending","footnotes":""},"categories":[67,72],"tags":[23],"class_list":["post-79209","post","type-post","status-publish","format-standard","has-post-thumbnail","hentry","category-ciudad","category-estado","tag-destacado"],"_links":{"self":[{"href":"https:\/\/notiissa.mx\/index.php?rest_route=\/wp\/v2\/posts\/79209","targetHints":{"allow":["GET"]}}],"collection":[{"href":"https:\/\/notiissa.mx\/index.php?rest_route=\/wp\/v2\/posts"}],"about":[{"href":"https:\/\/notiissa.mx\/index.php?rest_route=\/wp\/v2\/types\/post"}],"author":[{"embeddable":true,"href":"https:\/\/notiissa.mx\/index.php?rest_route=\/wp\/v2\/users\/1"}],"replies":[{"embeddable":true,"href":"https:\/\/notiissa.mx\/index.php?rest_route=%2Fwp%2Fv2%2Fcomments&post=79209"}],"version-history":[{"count":1,"href":"https:\/\/notiissa.mx\/index.php?rest_route=\/wp\/v2\/posts\/79209\/revisions"}],"predecessor-version":[{"id":79211,"href":"https:\/\/notiissa.mx\/index.php?rest_route=\/wp\/v2\/posts\/79209\/revisions\/79211"}],"wp:featuredmedia":[{"embeddable":true,"href":"https:\/\/notiissa.mx\/index.php?rest_route=\/wp\/v2\/media\/79210"}],"wp:attachment":[{"href":"https:\/\/notiissa.mx\/index.php?rest_route=%2Fwp%2Fv2%2Fmedia&parent=79209"}],"wp:term":[{"taxonomy":"category","embeddable":true,"href":"https:\/\/notiissa.mx\/index.php?rest_route=%2Fwp%2Fv2%2Fcategories&post=79209"},{"taxonomy":"post_tag","embeddable":true,"href":"https:\/\/notiissa.mx\/index.php?rest_route=%2Fwp%2Fv2%2Ftags&post=79209"}],"curies":[{"name":"wp","href":"https:\/\/api.w.org\/{rel}","templated":true}]}}