{"id":79188,"date":"2025-06-02T09:50:20","date_gmt":"2025-06-02T15:50:20","guid":{"rendered":"https:\/\/notiissa.mx\/?p=79188"},"modified":"2025-06-02T09:50:20","modified_gmt":"2025-06-02T15:50:20","slug":"inauguran-sala-de-lactancia-materna-en-la-secretaria-de-cultura","status":"publish","type":"post","link":"https:\/\/notiissa.mx\/?p=79188","title":{"rendered":"Inauguran sala de lactancia materna en la Secretar\u00eda de Cultura"},"content":{"rendered":"<div class=\"D_F ab_C em_N o_h A_6FsP c1AVi73_6LUG c1AVi7H_6MWH P_3Y3Gk\">\n<p><strong>Chihuahua.-<\/strong> La Secretar\u00eda de Cultura, en cumplimiento del reconocimiento del periodo de lactancia materna como un derecho laboral, abri\u00f3 las puertas de su sala de lactancia en las instalaciones en Casa Laureles.<\/p>\n<p>El espacio que est\u00e1 equipado con un frigobar para la conservaci\u00f3n del alimento, lavamanos, aire acondicionado y un sill\u00f3n para la c\u00f3moda extracci\u00f3n de la leche.<\/p>\n<p>Durante la apertura del espacio, la titular de la dependencia, Alejandra Enr\u00edquez coment\u00f3 que la materializaci\u00f3n de este proyecto es un esfuerzo articulado para la construcci\u00f3n de una pol\u00edtica p\u00fablica en beneficio de las madres de familia, trabajadoras del Gobierno del Estado.<\/p>\n<p>\u201cAyudamos a atender las necesidades de las personas con oportunidades para salir adelante, y generar un ambiente laboral y familiar m\u00e1s propositivo\u201d, expres\u00f3 Enr\u00edquez Guti\u00e9rrez al hacer el corte de list\u00f3n.<\/p>\n<p>A\u00f1adi\u00f3 que las empleadas de la Secretar\u00eda de Cultura ahora tienen a su disposici\u00f3n un lugar accesible, higi\u00e9nico y privado para la extracci\u00f3n de leche materna durante su jornada laboral, en los tiempos que a ellas les convenga.<\/p>\n<p>Dijo que esto ayudar\u00e1 a disminuir el ausentismo laboral, ya que las servidoras p\u00fablicas tendr\u00e1n la certeza y satisfacci\u00f3n, de que pueden combinar la maternidad con el empleo.<\/p>\n<p>&nbsp;<\/p>\n<\/div>\n","protected":false},"excerpt":{"rendered":"<p>Chihuahua.- La Secretar\u00eda de Cultura, en cumplimiento del reconocimiento del periodo de lactancia materna como un derecho laboral, abri\u00f3 las puertas de su sala de lactancia en las instalaciones en Casa Laureles. El espacio que est\u00e1 equipado con un frigobar para la conservaci\u00f3n del alimento, lavamanos, aire acondicionado y un sill\u00f3n para la c\u00f3moda extracci\u00f3n [&hellip;]<\/p>\n","protected":false},"author":1,"featured_media":79189,"comment_status":"closed","ping_status":"open","sticky":false,"template":"","format":"standard","meta":{"rop_custom_images_group":[],"rop_custom_messages_group":[],"rop_publish_now":"initial","rop_publish_now_accounts":[],"rop_publish_now_history":[],"rop_publish_now_status":"pending","footnotes":""},"categories":[67,72],"tags":[23],"class_list":["post-79188","post","type-post","status-publish","format-standard","has-post-thumbnail","hentry","category-ciudad","category-estado","tag-destacado"],"_links":{"self":[{"href":"https:\/\/notiissa.mx\/index.php?rest_route=\/wp\/v2\/posts\/79188","targetHints":{"allow":["GET"]}}],"collection":[{"href":"https:\/\/notiissa.mx\/index.php?rest_route=\/wp\/v2\/posts"}],"about":[{"href":"https:\/\/notiissa.mx\/index.php?rest_route=\/wp\/v2\/types\/post"}],"author":[{"embeddable":true,"href":"https:\/\/notiissa.mx\/index.php?rest_route=\/wp\/v2\/users\/1"}],"replies":[{"embeddable":true,"href":"https:\/\/notiissa.mx\/index.php?rest_route=%2Fwp%2Fv2%2Fcomments&post=79188"}],"version-history":[{"count":1,"href":"https:\/\/notiissa.mx\/index.php?rest_route=\/wp\/v2\/posts\/79188\/revisions"}],"predecessor-version":[{"id":79190,"href":"https:\/\/notiissa.mx\/index.php?rest_route=\/wp\/v2\/posts\/79188\/revisions\/79190"}],"wp:featuredmedia":[{"embeddable":true,"href":"https:\/\/notiissa.mx\/index.php?rest_route=\/wp\/v2\/media\/79189"}],"wp:attachment":[{"href":"https:\/\/notiissa.mx\/index.php?rest_route=%2Fwp%2Fv2%2Fmedia&parent=79188"}],"wp:term":[{"taxonomy":"category","embeddable":true,"href":"https:\/\/notiissa.mx\/index.php?rest_route=%2Fwp%2Fv2%2Fcategories&post=79188"},{"taxonomy":"post_tag","embeddable":true,"href":"https:\/\/notiissa.mx\/index.php?rest_route=%2Fwp%2Fv2%2Ftags&post=79188"}],"curies":[{"name":"wp","href":"https:\/\/api.w.org\/{rel}","templated":true}]}}