{"id":79146,"date":"2025-06-01T12:40:38","date_gmt":"2025-06-01T18:40:38","guid":{"rendered":"https:\/\/notiissa.mx\/?p=79146"},"modified":"2025-06-01T12:40:38","modified_gmt":"2025-06-01T18:40:38","slug":"es-un-dia-historico-para-el-pais-elegimos-al-poder-judicial-estrada","status":"publish","type":"post","link":"https:\/\/notiissa.mx\/?p=79146","title":{"rendered":"Es un d\u00eda hist\u00f3rico para el pa\u00eds, elegimos al poder judicial: Estrada"},"content":{"rendered":"<p><strong>Ciudad Ju\u00e1rez, Chihuahua.-<\/strong>\u00a0 Este domingo 1 de junio, el diputado Cuauht\u00e9moc Estrada Sotelo, coordinador de la bancada de morena en el Congreso local, acudi\u00f3 a emitir su voto en Ciudad Ju\u00e1rez en el marco de las elecciones del Poder Judicial, resaltando la importancia democr\u00e1tica y c\u00edvica de este ejercicio in\u00e9dito en la historia del pa\u00eds.<\/p>\n<p>El legislador calific\u00f3 la jornada como \u00abun d\u00eda hist\u00f3rico para el pa\u00eds\u00bb, subrayando que por primera vez el pueblo de M\u00e9xico participa directamente en la elecci\u00f3n de jueces y magistrados, en cumplimiento con el Art\u00edculo 39 constitucional, el cual establece que \u201ctodo poder p\u00fablico dimana del pueblo\u201d.<\/p>\n<p>\u201cHoy elegimos al Poder Judicial, le damos cumplimiento al art\u00edculo 39: todo poder p\u00fablico emana del pueblo y el pueblo siempre tiene la facultad de cambiar su forma de gobierno. Hoy el pueblo de M\u00e9xico lo hace eligiendo al Poder Judicial, democratiz\u00e1ndolo para mejorarlo\u201d, expres\u00f3 Estrada.<\/p>\n<p>El diputado exhort\u00f3 a la ciudadan\u00eda a ejercer su derecho al voto de forma libre y responsable, haciendo \u00e9nfasis en que esta jornada representa un avance crucial hacia un sistema de justicia m\u00e1s transparente, cercano al pueblo y leg\u00edtimo en su origen.<\/p>\n<p>\u201cQue sea una votaci\u00f3n c\u00edvica y que sea una participaci\u00f3n amplia para todas y todos los mexicanos\u201d, a\u00f1adi\u00f3.<\/p>\n<p>De esta manera, Cuauht\u00e9moc Estrada reafirma su compromiso con la transformaci\u00f3n del pa\u00eds y con una democracia que no s\u00f3lo se ejerce en las urnas, sino que se fortalece con instituciones verdaderamente representativas y al servicio del pueblo.<\/p>\n","protected":false},"excerpt":{"rendered":"<p>Ciudad Ju\u00e1rez, Chihuahua.-\u00a0 Este domingo 1 de junio, el diputado Cuauht\u00e9moc Estrada Sotelo, coordinador de la bancada de morena en el Congreso local, acudi\u00f3 a emitir su voto en Ciudad Ju\u00e1rez en el marco de las elecciones del Poder Judicial, resaltando la importancia democr\u00e1tica y c\u00edvica de este ejercicio in\u00e9dito en la historia del pa\u00eds. [&hellip;]<\/p>\n","protected":false},"author":1,"featured_media":79147,"comment_status":"closed","ping_status":"open","sticky":false,"template":"","format":"standard","meta":{"rop_custom_images_group":[],"rop_custom_messages_group":[],"rop_publish_now":"initial","rop_publish_now_accounts":[],"rop_publish_now_history":[],"rop_publish_now_status":"pending","footnotes":""},"categories":[67,72],"tags":[23],"class_list":["post-79146","post","type-post","status-publish","format-standard","has-post-thumbnail","hentry","category-ciudad","category-estado","tag-destacado"],"_links":{"self":[{"href":"https:\/\/notiissa.mx\/index.php?rest_route=\/wp\/v2\/posts\/79146","targetHints":{"allow":["GET"]}}],"collection":[{"href":"https:\/\/notiissa.mx\/index.php?rest_route=\/wp\/v2\/posts"}],"about":[{"href":"https:\/\/notiissa.mx\/index.php?rest_route=\/wp\/v2\/types\/post"}],"author":[{"embeddable":true,"href":"https:\/\/notiissa.mx\/index.php?rest_route=\/wp\/v2\/users\/1"}],"replies":[{"embeddable":true,"href":"https:\/\/notiissa.mx\/index.php?rest_route=%2Fwp%2Fv2%2Fcomments&post=79146"}],"version-history":[{"count":1,"href":"https:\/\/notiissa.mx\/index.php?rest_route=\/wp\/v2\/posts\/79146\/revisions"}],"predecessor-version":[{"id":79148,"href":"https:\/\/notiissa.mx\/index.php?rest_route=\/wp\/v2\/posts\/79146\/revisions\/79148"}],"wp:featuredmedia":[{"embeddable":true,"href":"https:\/\/notiissa.mx\/index.php?rest_route=\/wp\/v2\/media\/79147"}],"wp:attachment":[{"href":"https:\/\/notiissa.mx\/index.php?rest_route=%2Fwp%2Fv2%2Fmedia&parent=79146"}],"wp:term":[{"taxonomy":"category","embeddable":true,"href":"https:\/\/notiissa.mx\/index.php?rest_route=%2Fwp%2Fv2%2Fcategories&post=79146"},{"taxonomy":"post_tag","embeddable":true,"href":"https:\/\/notiissa.mx\/index.php?rest_route=%2Fwp%2Fv2%2Ftags&post=79146"}],"curies":[{"name":"wp","href":"https:\/\/api.w.org\/{rel}","templated":true}]}}