{"id":79108,"date":"2025-05-30T11:24:55","date_gmt":"2025-05-30T17:24:55","guid":{"rendered":"https:\/\/notiissa.mx\/?p=79108"},"modified":"2025-05-30T11:24:55","modified_gmt":"2025-05-30T17:24:55","slug":"no-se-aplicara-ley-seca-durante-las-elecciones-judiciales","status":"publish","type":"post","link":"https:\/\/notiissa.mx\/?p=79108","title":{"rendered":"No se aplicar\u00e1 Ley Seca durante las elecciones judiciales"},"content":{"rendered":"<p><strong>Chihuahua.-<\/strong> La Secretar\u00eda General de Gobierno, informa a la ciudadan\u00eda que, en atenci\u00f3n al marco normativo aplicable, se ha determinado que no se implementar\u00e1 la \u201cLey Seca\u201d con motivo del proceso electoral del pr\u00f3ximo 1 de junio.<\/p>\n<p>Se da a conocer adem\u00e1s que las tareas de supervisi\u00f3n e inspecci\u00f3n a establecimientos que expenden o comercializan bebidas alcoh\u00f3licas, continuar\u00e1n de manera regular.<\/p>\n<p>Por tal motivo se exhorta a las y los propietarios de dichos establecimientos, a cumplir cabalmente con lo dispuesto por la legislaci\u00f3n vigente en la materia.<\/p>\n","protected":false},"excerpt":{"rendered":"<p>Chihuahua.- La Secretar\u00eda General de Gobierno, informa a la ciudadan\u00eda que, en atenci\u00f3n al marco normativo aplicable, se ha determinado que no se implementar\u00e1 la \u201cLey Seca\u201d con motivo del proceso electoral del pr\u00f3ximo 1 de junio. Se da a conocer adem\u00e1s que las tareas de supervisi\u00f3n e inspecci\u00f3n a establecimientos que expenden o comercializan [&hellip;]<\/p>\n","protected":false},"author":1,"featured_media":79109,"comment_status":"closed","ping_status":"open","sticky":false,"template":"","format":"standard","meta":{"rop_custom_images_group":[],"rop_custom_messages_group":[],"rop_publish_now":"initial","rop_publish_now_accounts":[],"rop_publish_now_history":[],"rop_publish_now_status":"pending","footnotes":""},"categories":[67,72],"tags":[23],"class_list":["post-79108","post","type-post","status-publish","format-standard","has-post-thumbnail","hentry","category-ciudad","category-estado","tag-destacado"],"_links":{"self":[{"href":"https:\/\/notiissa.mx\/index.php?rest_route=\/wp\/v2\/posts\/79108","targetHints":{"allow":["GET"]}}],"collection":[{"href":"https:\/\/notiissa.mx\/index.php?rest_route=\/wp\/v2\/posts"}],"about":[{"href":"https:\/\/notiissa.mx\/index.php?rest_route=\/wp\/v2\/types\/post"}],"author":[{"embeddable":true,"href":"https:\/\/notiissa.mx\/index.php?rest_route=\/wp\/v2\/users\/1"}],"replies":[{"embeddable":true,"href":"https:\/\/notiissa.mx\/index.php?rest_route=%2Fwp%2Fv2%2Fcomments&post=79108"}],"version-history":[{"count":1,"href":"https:\/\/notiissa.mx\/index.php?rest_route=\/wp\/v2\/posts\/79108\/revisions"}],"predecessor-version":[{"id":79110,"href":"https:\/\/notiissa.mx\/index.php?rest_route=\/wp\/v2\/posts\/79108\/revisions\/79110"}],"wp:featuredmedia":[{"embeddable":true,"href":"https:\/\/notiissa.mx\/index.php?rest_route=\/wp\/v2\/media\/79109"}],"wp:attachment":[{"href":"https:\/\/notiissa.mx\/index.php?rest_route=%2Fwp%2Fv2%2Fmedia&parent=79108"}],"wp:term":[{"taxonomy":"category","embeddable":true,"href":"https:\/\/notiissa.mx\/index.php?rest_route=%2Fwp%2Fv2%2Fcategories&post=79108"},{"taxonomy":"post_tag","embeddable":true,"href":"https:\/\/notiissa.mx\/index.php?rest_route=%2Fwp%2Fv2%2Ftags&post=79108"}],"curies":[{"name":"wp","href":"https:\/\/api.w.org\/{rel}","templated":true}]}}