{"id":79105,"date":"2025-05-30T11:20:45","date_gmt":"2025-05-30T17:20:45","guid":{"rendered":"https:\/\/notiissa.mx\/?p=79105"},"modified":"2025-05-30T11:20:45","modified_gmt":"2025-05-30T17:20:45","slug":"realiza-diputada-parlamento-juvenil-de-morena-en-el-congreso-local","status":"publish","type":"post","link":"https:\/\/notiissa.mx\/?p=79105","title":{"rendered":"Realiza Diputada Parlamento Juvenil de Morena en el Congreso local"},"content":{"rendered":"<p><strong>-Consolidar la participaci\u00f3n juvenil, prioridad para la agenda legislativa.<\/strong><\/p>\n<p><strong>Chihuahua.-<\/strong> La Diputada Brenda R\u00edos realiz\u00f3 en el Congreso local el Parlamento Juvenil de Morena, con el objetivo de promover la participaci\u00f3n activa de las juventudes en los procesos legislativos y de toma de decisiones p\u00fablicas.<\/p>\n<p>Durante la jornada, las y los j\u00f3venes participantes abordaron temas de inter\u00e9s social, pol\u00edtico y econ\u00f3mico que inciden directamente en su generaci\u00f3n, en un espacio que propici\u00f3 el di\u00e1logo respetuoso, la reflexi\u00f3n cr\u00edtica y la generaci\u00f3n de propuestas.<\/p>\n<p>La diputada destac\u00f3 la relevancia de este tipo de ejercicios para fortalecer la cultura democr\u00e1tica entre las nuevas generaciones, as\u00ed como para nutrir la agenda legislativa con perspectivas frescas y comprometidas con el bienestar colectivo.<\/p>\n<p>\u201cDesde el Congreso del Estado refrendamos nuestro compromiso con las juventudes. Espacios como este permiten construir ciudadan\u00eda, impulsar liderazgos y abrir caminos para una participaci\u00f3n m\u00e1s activa en la vida p\u00fablica\u201d, se\u00f1al\u00f3 la legisladora.<\/p>\n<p>El Parlamento Juvenil de Morena se consolida como un ejercicio que busca integrar a las y los j\u00f3venes en el quehacer legislativo, reconociendo su capacidad de incidir en la transformaci\u00f3n del pa\u00eds.<\/p>\n","protected":false},"excerpt":{"rendered":"<p>-Consolidar la participaci\u00f3n juvenil, prioridad para la agenda legislativa. Chihuahua.- La Diputada Brenda R\u00edos realiz\u00f3 en el Congreso local el Parlamento Juvenil de Morena, con el objetivo de promover la participaci\u00f3n activa de las juventudes en los procesos legislativos y de toma de decisiones p\u00fablicas. Durante la jornada, las y los j\u00f3venes participantes abordaron temas [&hellip;]<\/p>\n","protected":false},"author":1,"featured_media":79106,"comment_status":"closed","ping_status":"open","sticky":false,"template":"","format":"standard","meta":{"rop_custom_images_group":[],"rop_custom_messages_group":[],"rop_publish_now":"initial","rop_publish_now_accounts":[],"rop_publish_now_history":[],"rop_publish_now_status":"pending","footnotes":""},"categories":[67,72],"tags":[23],"class_list":["post-79105","post","type-post","status-publish","format-standard","has-post-thumbnail","hentry","category-ciudad","category-estado","tag-destacado"],"_links":{"self":[{"href":"https:\/\/notiissa.mx\/index.php?rest_route=\/wp\/v2\/posts\/79105","targetHints":{"allow":["GET"]}}],"collection":[{"href":"https:\/\/notiissa.mx\/index.php?rest_route=\/wp\/v2\/posts"}],"about":[{"href":"https:\/\/notiissa.mx\/index.php?rest_route=\/wp\/v2\/types\/post"}],"author":[{"embeddable":true,"href":"https:\/\/notiissa.mx\/index.php?rest_route=\/wp\/v2\/users\/1"}],"replies":[{"embeddable":true,"href":"https:\/\/notiissa.mx\/index.php?rest_route=%2Fwp%2Fv2%2Fcomments&post=79105"}],"version-history":[{"count":1,"href":"https:\/\/notiissa.mx\/index.php?rest_route=\/wp\/v2\/posts\/79105\/revisions"}],"predecessor-version":[{"id":79107,"href":"https:\/\/notiissa.mx\/index.php?rest_route=\/wp\/v2\/posts\/79105\/revisions\/79107"}],"wp:featuredmedia":[{"embeddable":true,"href":"https:\/\/notiissa.mx\/index.php?rest_route=\/wp\/v2\/media\/79106"}],"wp:attachment":[{"href":"https:\/\/notiissa.mx\/index.php?rest_route=%2Fwp%2Fv2%2Fmedia&parent=79105"}],"wp:term":[{"taxonomy":"category","embeddable":true,"href":"https:\/\/notiissa.mx\/index.php?rest_route=%2Fwp%2Fv2%2Fcategories&post=79105"},{"taxonomy":"post_tag","embeddable":true,"href":"https:\/\/notiissa.mx\/index.php?rest_route=%2Fwp%2Fv2%2Ftags&post=79105"}],"curies":[{"name":"wp","href":"https:\/\/api.w.org\/{rel}","templated":true}]}}