{"id":78986,"date":"2025-05-28T09:28:33","date_gmt":"2025-05-28T15:28:33","guid":{"rendered":"https:\/\/notiissa.mx\/?p=78986"},"modified":"2025-05-28T09:28:33","modified_gmt":"2025-05-28T15:28:33","slug":"trasladan-insumos-a-brigadistas-de-incendios-forestales-en-madera","status":"publish","type":"post","link":"https:\/\/notiissa.mx\/?p=78986","title":{"rendered":"Trasladan insumos a brigadistas de incendios forestales en Madera"},"content":{"rendered":"<p><strong>\u00b7 Invitan a la poblaci\u00f3n a sumarse a la campa\u00f1a de donaci\u00f3n de no perecederos y herramientas de trabajo.<\/strong><\/p>\n<p><strong>Chihuahua.-<\/strong> La Coordinaci\u00f3n Estatal de Protecci\u00f3n Civil (CEPC) dio a conocer que realizaron la entrega de insumos y herramientas de trabajo en beneficio de los brigadistas que se encuentran combatiendo los incendios forestales en el municipio de Madera.<\/p>\n<p>Los apoyos incluyeron comida no perecedera, herramientas de trabajo y agua potable que fueron recabados gracias a la colaboraci\u00f3n de diversos sectores, entre ellos empresas privadas, dependencias de Gobierno, asociaciones civiles y la poblaci\u00f3n en general.<\/p>\n<p>Como parte de las labores de colaboraci\u00f3n institucional, se coordin\u00f3 adem\u00e1s el traslado de un colapsable proporcionado por la Comisi\u00f3n Nacional Forestal (Conafor), el cual ser\u00e1 utilizado para abastecer de agua al helic\u00f3ptero destinado para la atenci\u00f3n de los siniestros.<\/p>\n<p>La CEPC reafirma su compromiso de apoyar a las y los voluntarios que se encuentran en la primera l\u00ednea de batalla garantizando la protecci\u00f3n de los ecosistemas y la seguridad de la ciudadan\u00eda<\/p>\n<p>Se invita a la poblaci\u00f3n a sumarse a la campa\u00f1a de donaci\u00f3n de insumos para brigadistas, a trav\u00e9s de los diversos centros de acopio establecidos por la dependencia en el estado. Para mayor informaci\u00f3n, consultar los canales oficiales de Protecci\u00f3n Civil o Gobierno del Estado.<\/p>\n","protected":false},"excerpt":{"rendered":"<p>\u00b7 Invitan a la poblaci\u00f3n a sumarse a la campa\u00f1a de donaci\u00f3n de no perecederos y herramientas de trabajo. Chihuahua.- La Coordinaci\u00f3n Estatal de Protecci\u00f3n Civil (CEPC) dio a conocer que realizaron la entrega de insumos y herramientas de trabajo en beneficio de los brigadistas que se encuentran combatiendo los incendios forestales en el municipio [&hellip;]<\/p>\n","protected":false},"author":1,"featured_media":78987,"comment_status":"closed","ping_status":"open","sticky":false,"template":"","format":"standard","meta":{"rop_custom_images_group":[],"rop_custom_messages_group":[],"rop_publish_now":"initial","rop_publish_now_accounts":[],"rop_publish_now_history":[],"rop_publish_now_status":"pending","footnotes":""},"categories":[67,72],"tags":[23],"class_list":["post-78986","post","type-post","status-publish","format-standard","has-post-thumbnail","hentry","category-ciudad","category-estado","tag-destacado"],"_links":{"self":[{"href":"https:\/\/notiissa.mx\/index.php?rest_route=\/wp\/v2\/posts\/78986","targetHints":{"allow":["GET"]}}],"collection":[{"href":"https:\/\/notiissa.mx\/index.php?rest_route=\/wp\/v2\/posts"}],"about":[{"href":"https:\/\/notiissa.mx\/index.php?rest_route=\/wp\/v2\/types\/post"}],"author":[{"embeddable":true,"href":"https:\/\/notiissa.mx\/index.php?rest_route=\/wp\/v2\/users\/1"}],"replies":[{"embeddable":true,"href":"https:\/\/notiissa.mx\/index.php?rest_route=%2Fwp%2Fv2%2Fcomments&post=78986"}],"version-history":[{"count":1,"href":"https:\/\/notiissa.mx\/index.php?rest_route=\/wp\/v2\/posts\/78986\/revisions"}],"predecessor-version":[{"id":78988,"href":"https:\/\/notiissa.mx\/index.php?rest_route=\/wp\/v2\/posts\/78986\/revisions\/78988"}],"wp:featuredmedia":[{"embeddable":true,"href":"https:\/\/notiissa.mx\/index.php?rest_route=\/wp\/v2\/media\/78987"}],"wp:attachment":[{"href":"https:\/\/notiissa.mx\/index.php?rest_route=%2Fwp%2Fv2%2Fmedia&parent=78986"}],"wp:term":[{"taxonomy":"category","embeddable":true,"href":"https:\/\/notiissa.mx\/index.php?rest_route=%2Fwp%2Fv2%2Fcategories&post=78986"},{"taxonomy":"post_tag","embeddable":true,"href":"https:\/\/notiissa.mx\/index.php?rest_route=%2Fwp%2Fv2%2Ftags&post=78986"}],"curies":[{"name":"wp","href":"https:\/\/api.w.org\/{rel}","templated":true}]}}