{"id":78891,"date":"2025-05-25T12:35:57","date_gmt":"2025-05-25T18:35:57","guid":{"rendered":"https:\/\/notiissa.mx\/?p=78891"},"modified":"2025-05-25T12:35:57","modified_gmt":"2025-05-25T18:35:57","slug":"continua-dif-con-la-entrega-de-apoyo-alimentario-a-adultos-mayores","status":"publish","type":"post","link":"https:\/\/notiissa.mx\/?p=78891","title":{"rendered":"Contin\u00faa DIF con la entrega de apoyo alimentario a adultos mayores"},"content":{"rendered":"<p><strong>&#8211; Del 26 al 30 de mayo.<\/strong><\/p>\n<p><strong>Ciudad de Chihuahua.-<\/strong> El DIF Municipal, informa a solicitantes del Programa Alimentario del Adulto Mayor (PAAM) los centros comunitarios y horarios en los que podr\u00e1n acudir por su paquete alimentario del 26 al 30 de mayo.<\/p>\n<p><strong>26 de mayo:<\/strong><br \/>\n\u2022 Nuevo Triunfo, 10:00 horas<br \/>\n\u2022 Quintas Carolinas, 10:45 horas<\/p>\n<p><strong>27 de mayo:<\/strong><br \/>\n\u2022 Villa Vieja, 9:00 horas<br \/>\n\u2022 La Villa, 11:30 horas<br \/>\n\u2022 Industrial, 12:15 horas<\/p>\n<p><strong>28 de mayo:<\/strong><br \/>\n\u2022 CEDEFAM 2 de Junio, 9:00 horas<br \/>\n\u2022 Villa Nueva, 12:00 horas<\/p>\n<p><strong>29 de mayo:<\/strong><br \/>\n\u2022 Insurgentes, 9:00 horas<br \/>\n\u2022 Lomas Karike, 9:00 horas<br \/>\n\u2022 Unidad, 11:15 horas<br \/>\n\u2022 Diego Lucero, 12:45 horas<\/p>\n<p><strong>30 de mayo:<\/strong><br \/>\n\u2022 CEDEFAM Vallarta, 10:30 horas<br \/>\n\u2022 Unidad Karike, 12:30 horas<\/p>\n<p>Personas mayores deber\u00e1n presentarse con el carnet que se les otorg\u00f3 al ser seleccionados del programa; asimismo, se les dar\u00e1 preferencia a las personas que se\u00f1alaron, en su registro, este centro comunitario como lugar para recoger su apoyo alimentario.<\/p>\n<p>Es importante que beneficiarios acudan a su centro comunitario, fecha y hora correspondiente.<\/p>\n<p>Para mayores informes, podr\u00e1n comunicarse al 072 en las extensiones 2232 y 2239 o bien, acercarse a las instalaciones del DIF Municipal en calle Carbonel, n\u00famero 4106, frente al Club de Leones, de lunes a viernes en un horario de 9:00 am a 3:30 pm.<\/p>\n","protected":false},"excerpt":{"rendered":"<p>&#8211; Del 26 al 30 de mayo. Ciudad de Chihuahua.- El DIF Municipal, informa a solicitantes del Programa Alimentario del Adulto Mayor (PAAM) los centros comunitarios y horarios en los que podr\u00e1n acudir por su paquete alimentario del 26 al 30 de mayo. 26 de mayo: \u2022 Nuevo Triunfo, 10:00 horas \u2022 Quintas Carolinas, 10:45 [&hellip;]<\/p>\n","protected":false},"author":1,"featured_media":78892,"comment_status":"closed","ping_status":"open","sticky":false,"template":"","format":"standard","meta":{"rop_custom_images_group":[],"rop_custom_messages_group":[],"rop_publish_now":"initial","rop_publish_now_accounts":[],"rop_publish_now_history":[],"rop_publish_now_status":"pending","footnotes":""},"categories":[67,72],"tags":[23],"class_list":["post-78891","post","type-post","status-publish","format-standard","has-post-thumbnail","hentry","category-ciudad","category-estado","tag-destacado"],"_links":{"self":[{"href":"https:\/\/notiissa.mx\/index.php?rest_route=\/wp\/v2\/posts\/78891","targetHints":{"allow":["GET"]}}],"collection":[{"href":"https:\/\/notiissa.mx\/index.php?rest_route=\/wp\/v2\/posts"}],"about":[{"href":"https:\/\/notiissa.mx\/index.php?rest_route=\/wp\/v2\/types\/post"}],"author":[{"embeddable":true,"href":"https:\/\/notiissa.mx\/index.php?rest_route=\/wp\/v2\/users\/1"}],"replies":[{"embeddable":true,"href":"https:\/\/notiissa.mx\/index.php?rest_route=%2Fwp%2Fv2%2Fcomments&post=78891"}],"version-history":[{"count":1,"href":"https:\/\/notiissa.mx\/index.php?rest_route=\/wp\/v2\/posts\/78891\/revisions"}],"predecessor-version":[{"id":78893,"href":"https:\/\/notiissa.mx\/index.php?rest_route=\/wp\/v2\/posts\/78891\/revisions\/78893"}],"wp:featuredmedia":[{"embeddable":true,"href":"https:\/\/notiissa.mx\/index.php?rest_route=\/wp\/v2\/media\/78892"}],"wp:attachment":[{"href":"https:\/\/notiissa.mx\/index.php?rest_route=%2Fwp%2Fv2%2Fmedia&parent=78891"}],"wp:term":[{"taxonomy":"category","embeddable":true,"href":"https:\/\/notiissa.mx\/index.php?rest_route=%2Fwp%2Fv2%2Fcategories&post=78891"},{"taxonomy":"post_tag","embeddable":true,"href":"https:\/\/notiissa.mx\/index.php?rest_route=%2Fwp%2Fv2%2Ftags&post=78891"}],"curies":[{"name":"wp","href":"https:\/\/api.w.org\/{rel}","templated":true}]}}