{"id":78774,"date":"2025-05-22T09:43:39","date_gmt":"2025-05-22T15:43:39","guid":{"rendered":"https:\/\/notiissa.mx\/?p=78774"},"modified":"2025-05-22T09:43:39","modified_gmt":"2025-05-22T15:43:39","slug":"avanza-construccion-de-la-nueva-catedral-de-cancun","status":"publish","type":"post","link":"https:\/\/notiissa.mx\/?p=78774","title":{"rendered":"Avanza construcci\u00f3n de la nueva Catedral de Canc\u00fan"},"content":{"rendered":"<p>La Di\u00f3cesis de Canc\u00fan-Chetumal comparte con profunda alegr\u00eda que la construcci\u00f3n de la nueva Catedral de Canc\u00fan, iniciada en el mes de abril de este a\u00f1o 2025, avanza con paso firme, guiada por la oraci\u00f3n, la generosidad de los fieles y el deseo com\u00fan de edificar un espacio donde habite el amor de Dios y florezca la vida comunitaria.<\/p>\n<p>Este proyecto nace como una expresi\u00f3n de fe viva, un acto de gratitud al Se\u00f1or por los dones recibidos y una respuesta al llamado de construir un lugar que acoja a todos: familias, j\u00f3venes, ni\u00f1os, ancianos, y todo aquel que busque consuelo, esperanza y encuentro.<\/p>\n<p>Desde sus cimientos, la obra ha sido concebida con profundo respeto y amor por la creaci\u00f3n, reconociendo que la tierra que pisamos es tambi\u00e9n obra de Dios. Por ello, se han cuidado con especial atenci\u00f3n todos los aspectos ambientales: se cuenta con los permisos correspondientes, se han seguido estrictamente las regulaciones ecol\u00f3gicas y se han incorporado pr\u00e1cticas constructivas que permiten una intervenci\u00f3n m\u00ednima al entorno. Cada \u00e1rbol, cada sendero natural y cada rinc\u00f3n de vegetaci\u00f3n ha sido valorado como parte esencial del esp\u00edritu del proyecto. Esta no es solo una catedral en medio de la selva: es una catedral que abraza a la selva y camina con ella, dando testimonio de una espiritualidad ecol\u00f3gica coherente con los principios de la Casa Com\u00fan que el Papa Leon XIV nos ha llamado a cuidar.<\/p>\n<p>Adem\u00e1s del templo, la construcci\u00f3n contempla un centro comunitario inspirado en los valores cristianos, que tendr\u00e1 como misi\u00f3n servir con amor a quienes m\u00e1s lo necesitan. Este espacio ser\u00e1 lugar de acogida y acompa\u00f1amiento, donde se ofrecer\u00e1n talleres formativos, servicios de ayuda solidaria, actividades para j\u00f3venes y espacios de escucha y orientaci\u00f3n familiar. Queremos que esta obra sea tambi\u00e9n una respuesta concreta a las necesidades sociales de nuestra ciudad, y que refleje el rostro cercano y misericordioso de la Iglesia.<\/p>\n<p>La catedral ser\u00e1 un faro de luz, un s\u00edmbolo de unidad y un hogar espiritual para todos los que habitan y visitan Canc\u00fan. Su arquitectura y su misi\u00f3n buscan integrarse a la vida de nuestra comunidad no solo como un templo, sino como un coraz\u00f3n que late al ritmo de la fe, la esperanza y la caridad.<\/p>\n<p>La Di\u00f3cesis de Canc\u00fan-Chetumal agradece profundamente a todas las personas, familias y benefactores que est\u00e1n haciendo posible esta obra, y reitera su compromiso de construir con transparencia, con conciencia ecol\u00f3gica y con profundo sentido pastoral.<\/p>\n<p><strong>Porque los que construyen con amor, edifican para la eternidad.<\/strong><\/p>\n<p>Para m\u00e1s informaci\u00f3n o para unirse a esta obra de fe y servicio, favor de comunicarse con:<\/p>\n<p>Oficina de Comunicaci\u00f3n Social \u2013 Di\u00f3cesis de Canc\u00fan-Chetumal.<\/p>\n<p><strong>Sarai Sarabia.<\/strong><\/p>\n","protected":false},"excerpt":{"rendered":"<p>La Di\u00f3cesis de Canc\u00fan-Chetumal comparte con profunda alegr\u00eda que la construcci\u00f3n de la nueva Catedral de Canc\u00fan, iniciada en el mes de abril de este a\u00f1o 2025, avanza con paso firme, guiada por la oraci\u00f3n, la generosidad de los fieles y el deseo com\u00fan de edificar un espacio donde habite el amor de Dios y [&hellip;]<\/p>\n","protected":false},"author":1,"featured_media":78775,"comment_status":"closed","ping_status":"open","sticky":false,"template":"","format":"standard","meta":{"rop_custom_images_group":[],"rop_custom_messages_group":[],"rop_publish_now":"initial","rop_publish_now_accounts":[],"rop_publish_now_history":[],"rop_publish_now_status":"pending","footnotes":""},"categories":[67,72,66],"tags":[23],"class_list":["post-78774","post","type-post","status-publish","format-standard","has-post-thumbnail","hentry","category-ciudad","category-estado","category-estilo-de-vida","tag-destacado"],"_links":{"self":[{"href":"https:\/\/notiissa.mx\/index.php?rest_route=\/wp\/v2\/posts\/78774","targetHints":{"allow":["GET"]}}],"collection":[{"href":"https:\/\/notiissa.mx\/index.php?rest_route=\/wp\/v2\/posts"}],"about":[{"href":"https:\/\/notiissa.mx\/index.php?rest_route=\/wp\/v2\/types\/post"}],"author":[{"embeddable":true,"href":"https:\/\/notiissa.mx\/index.php?rest_route=\/wp\/v2\/users\/1"}],"replies":[{"embeddable":true,"href":"https:\/\/notiissa.mx\/index.php?rest_route=%2Fwp%2Fv2%2Fcomments&post=78774"}],"version-history":[{"count":1,"href":"https:\/\/notiissa.mx\/index.php?rest_route=\/wp\/v2\/posts\/78774\/revisions"}],"predecessor-version":[{"id":78776,"href":"https:\/\/notiissa.mx\/index.php?rest_route=\/wp\/v2\/posts\/78774\/revisions\/78776"}],"wp:featuredmedia":[{"embeddable":true,"href":"https:\/\/notiissa.mx\/index.php?rest_route=\/wp\/v2\/media\/78775"}],"wp:attachment":[{"href":"https:\/\/notiissa.mx\/index.php?rest_route=%2Fwp%2Fv2%2Fmedia&parent=78774"}],"wp:term":[{"taxonomy":"category","embeddable":true,"href":"https:\/\/notiissa.mx\/index.php?rest_route=%2Fwp%2Fv2%2Fcategories&post=78774"},{"taxonomy":"post_tag","embeddable":true,"href":"https:\/\/notiissa.mx\/index.php?rest_route=%2Fwp%2Fv2%2Ftags&post=78774"}],"curies":[{"name":"wp","href":"https:\/\/api.w.org\/{rel}","templated":true}]}}