{"id":78762,"date":"2025-05-22T09:07:17","date_gmt":"2025-05-22T15:07:17","guid":{"rendered":"https:\/\/notiissa.mx\/?p=78762"},"modified":"2025-05-22T09:07:17","modified_gmt":"2025-05-22T15:07:17","slug":"aprueban-convocatoria-al-premio-victor-hugo-rascon-banda-2","status":"publish","type":"post","link":"https:\/\/notiissa.mx\/?p=78762","title":{"rendered":"Aprueban convocatoria al premio \u201cV\u00edctor Hugo Rasc\u00f3n Banda\u201d"},"content":{"rendered":"<p><strong>Chihuahua.-<\/strong> Integrantes de la Comisi\u00f3n de Cultura del Congreso local, aprobaron por unanimidad el cronograma y la convocatoria relativo a las actividades relacionadas con el Reconocimiento medalla al M\u00e9rito Cultural del Estado de Chihuahua, V\u00edctor Hugo Rasc\u00f3n Banda, en su edici\u00f3n 2025.<\/p>\n<p>Este certamen, busca que las y los ciudadanos chihuahuenses con residencia en el estado, que se distingan por sobresalir en el \u00e1mbito cultural, participen en alguna de las disciplinas de las bellas artes, al registrarse de manera virtual por medios electr\u00f3nicos y que acredite sus participaciones.<\/p>\n<p>El premio al ganador, ganadora o ganadores, constar\u00e1 de una medalla conmemorativa, la inscripci\u00f3n de los mismos en el sal\u00f3n V\u00edctor Hugo Rasc\u00f3n Banda del Poder Legislativo, as\u00ed como un premio econ\u00f3mico pendiente por definir.<\/p>\n<p>En este sentido, se estableci\u00f3 que el pr\u00f3ximo mi\u00e9rcoles 28 de mayo del presente a\u00f1o, se dar\u00e1 a conocer de manera formal las bases de la convocatoria con medios de comunicaci\u00f3n de Ciudad Ju\u00e1rez; la recepci\u00f3n de documentaci\u00f3n de las personas interesadas, ser\u00e1 del 10 de junio al 10 de agosto del 2025.<\/p>\n<p>Cabe mencionar que, para mayores informes, las y los interesados se deber\u00e1n de comunicar al tel\u00e9fono (614) 412 32 00 extensi\u00f3n 25058, as\u00ed como entrar a la p\u00e1gina: www.congresochihuahua.gob.mx<\/p>\n<p>En esta reuni\u00f3n de comisi\u00f3n legislativa, estuvieron presentes las y los diputados Rosana D\u00edaz en su calidad de presidenta, Magdalena Renter\u00eda como secretaria, as\u00ed como vocales: Jorge Soto, Roberto Carre\u00f3n y Yesenia Reyes.<\/p>\n","protected":false},"excerpt":{"rendered":"<p>Chihuahua.- Integrantes de la Comisi\u00f3n de Cultura del Congreso local, aprobaron por unanimidad el cronograma y la convocatoria relativo a las actividades relacionadas con el Reconocimiento medalla al M\u00e9rito Cultural del Estado de Chihuahua, V\u00edctor Hugo Rasc\u00f3n Banda, en su edici\u00f3n 2025. Este certamen, busca que las y los ciudadanos chihuahuenses con residencia en el [&hellip;]<\/p>\n","protected":false},"author":1,"featured_media":78763,"comment_status":"closed","ping_status":"open","sticky":false,"template":"","format":"standard","meta":{"rop_custom_images_group":[],"rop_custom_messages_group":[],"rop_publish_now":"initial","rop_publish_now_accounts":[],"rop_publish_now_history":[],"rop_publish_now_status":"pending","footnotes":""},"categories":[67,72],"tags":[23],"class_list":["post-78762","post","type-post","status-publish","format-standard","has-post-thumbnail","hentry","category-ciudad","category-estado","tag-destacado"],"_links":{"self":[{"href":"https:\/\/notiissa.mx\/index.php?rest_route=\/wp\/v2\/posts\/78762","targetHints":{"allow":["GET"]}}],"collection":[{"href":"https:\/\/notiissa.mx\/index.php?rest_route=\/wp\/v2\/posts"}],"about":[{"href":"https:\/\/notiissa.mx\/index.php?rest_route=\/wp\/v2\/types\/post"}],"author":[{"embeddable":true,"href":"https:\/\/notiissa.mx\/index.php?rest_route=\/wp\/v2\/users\/1"}],"replies":[{"embeddable":true,"href":"https:\/\/notiissa.mx\/index.php?rest_route=%2Fwp%2Fv2%2Fcomments&post=78762"}],"version-history":[{"count":1,"href":"https:\/\/notiissa.mx\/index.php?rest_route=\/wp\/v2\/posts\/78762\/revisions"}],"predecessor-version":[{"id":78764,"href":"https:\/\/notiissa.mx\/index.php?rest_route=\/wp\/v2\/posts\/78762\/revisions\/78764"}],"wp:featuredmedia":[{"embeddable":true,"href":"https:\/\/notiissa.mx\/index.php?rest_route=\/wp\/v2\/media\/78763"}],"wp:attachment":[{"href":"https:\/\/notiissa.mx\/index.php?rest_route=%2Fwp%2Fv2%2Fmedia&parent=78762"}],"wp:term":[{"taxonomy":"category","embeddable":true,"href":"https:\/\/notiissa.mx\/index.php?rest_route=%2Fwp%2Fv2%2Fcategories&post=78762"},{"taxonomy":"post_tag","embeddable":true,"href":"https:\/\/notiissa.mx\/index.php?rest_route=%2Fwp%2Fv2%2Ftags&post=78762"}],"curies":[{"name":"wp","href":"https:\/\/api.w.org\/{rel}","templated":true}]}}