{"id":7843,"date":"2015-12-03T19:19:19","date_gmt":"2015-12-03T19:19:19","guid":{"rendered":"http:\/\/notiissa.mx\/?p=7843"},"modified":"2015-12-03T19:19:19","modified_gmt":"2015-12-03T19:19:19","slug":"invitan-al-tradicional-encendido-del-arbol-navideno","status":"publish","type":"post","link":"https:\/\/notiissa.mx\/?p=7843","title":{"rendered":"Invitan al tradicional encendido del \u00c1rbol Navide\u00f1o"},"content":{"rendered":"<div id=\"yui_3_16_0_1_1449167508134_13796\" dir=\"ltr\" style=\"text-align: justify;\">\n<p id=\"yui_3_16_0_1_1449167508134_13808\" align=\"center\"><b id=\"yui_3_16_0_1_1449167508134_13807\"><span id=\"yui_3_16_0_1_1449167508134_13806\">Podr\u00e1n familias tomarse la fotograf\u00eda con Santa Claus en \u201cLa Casa de Santa\u201d<\/span><\/b><\/p>\n<hr \/>\n<p><span id=\"yui_3_16_0_1_1449167508134_13824\">Chihuahua.- Con un variado programa musical y art\u00edstico, el pr\u00f3ximo domingo 6 de diciembre se realizar\u00e1 el tradicional encendido del \u00c1rbol Navide\u00f1o en la Plaza Mayor, a la vez que se inaugurar\u00e1 la Casa de Santa, que es la novedad que este a\u00f1o ofrece Gobierno del Estado a las familias chihuahuenses.<\/span><\/p>\n<p id=\"yui_3_16_0_1_1449167508134_13826\" class=\"yiv0718210217MsoNormal\"><span id=\"yui_3_16_0_1_1449167508134_13825\">En la Casa de Santa, ni\u00f1os y adultos podr\u00e1n conocer la residencia de Santa Claus y su esposa, la Se\u00f1ora Claus, y adem\u00e1s conocer el taller en donde los duendes fabrican los juguetes. Ah\u00ed, las familias tambi\u00e9n podr\u00e1n tomarse una fotograf\u00eda, misma que podr\u00e1 ser descargada a trav\u00e9s de las redes sociales.<\/span><\/p>\n<p id=\"yui_3_16_0_1_1449167508134_13828\" class=\"yiv0718210217MsoNormal\"><span id=\"yui_3_16_0_1_1449167508134_13829\">A partir de las 15:00 horas de este pr\u00f3ximo domingo, la Plaza Mayor se llenar\u00e1 de\u00a0\u00a0m\u00fasica y variedad, en un ambiente totalmente familiar que incluye la rifa de bicicletas, patinetas balones y dem\u00e1s regalos, y todos los asistentes podr\u00e1n disfrutar de chocolate caliente, tamales, dulces y m\u00e1s sorpresas.<\/span><\/p>\n<p id=\"yui_3_16_0_1_1449167508134_13832\"><span id=\"yui_3_16_0_1_1449167508134_13831\">El programa ser\u00e1 conducido por el reconocido imitador Miguel Aguirre, quien recientemente ha destacado en programas televisivos de transmisi\u00f3n nacional. En la parte musical, se tiene programada la participaci\u00f3n de Banda La Consentida, que ya est\u00e1 dentro de las favoritas del p\u00fablico chihuahuense.<\/span><\/p>\n<p id=\"yui_3_16_0_1_1449167508134_13834\"><span id=\"yui_3_16_0_1_1449167508134_13833\">Adem\u00e1s, chicos y grandes podr\u00e1n disfrutar de un show musical con los personajes de las pel\u00edculas favoritas, como Minions, Frozen, entre otros, seguido por el montaje teatral de una pastorela. El evento cerrar\u00e1 con la intervenci\u00f3n de la Orquesta Sinf\u00f3nica de la UACH y el Coro Monumental de la Facultad de Artes, quienes interpretar\u00e1n villancicos y m\u00fasica tradicional.<\/span><\/p>\n<p id=\"yui_3_16_0_1_1449167508134_13836\"><span id=\"yui_3_16_0_1_1449167508134_13835\">Despu\u00e9s de esto, se tiene previsto que al filo de las 18:00 horas, autoridades estatales realicen el protocolo de encendido del \u00c1rbol Navide\u00f1o, para luego inaugurar La Casa de Santa, que a partir de este domingo podr\u00e1 ser visitada, y el lunes 7 se comenzar\u00e1 con la toma de fotograf\u00edas dentro de ella.<\/span><\/p>\n<p id=\"yui_3_16_0_1_1449167508134_13868\"><span id=\"yui_3_16_0_1_1449167508134_13867\">Gobierno del Estado extiende la invitaci\u00f3n a la ciudadan\u00eda en general a acudir este domingo y disfrutar de esta fiesta navide\u00f1a.<\/span><\/p>\n<\/div>\n","protected":false},"excerpt":{"rendered":"<p>Podr\u00e1n familias tomarse la fotograf\u00eda con Santa Claus en \u201cLa Casa de Santa\u201d Chihuahua.- Con un variado programa musical y art\u00edstico, el pr\u00f3ximo domingo 6 de diciembre se realizar\u00e1 el tradicional encendido del \u00c1rbol Navide\u00f1o en la Plaza Mayor, a la vez que se inaugurar\u00e1 la Casa de Santa, que es la novedad que este [&hellip;]<\/p>\n","protected":false},"author":1,"featured_media":7844,"comment_status":"open","ping_status":"open","sticky":false,"template":"","format":"standard","meta":{"rop_custom_images_group":[],"rop_custom_messages_group":[],"rop_publish_now":"initial","rop_publish_now_accounts":[],"rop_publish_now_history":[],"rop_publish_now_status":"pending","footnotes":""},"categories":[67],"tags":[23],"class_list":["post-7843","post","type-post","status-publish","format-standard","has-post-thumbnail","hentry","category-ciudad","tag-destacado"],"_links":{"self":[{"href":"https:\/\/notiissa.mx\/index.php?rest_route=\/wp\/v2\/posts\/7843","targetHints":{"allow":["GET"]}}],"collection":[{"href":"https:\/\/notiissa.mx\/index.php?rest_route=\/wp\/v2\/posts"}],"about":[{"href":"https:\/\/notiissa.mx\/index.php?rest_route=\/wp\/v2\/types\/post"}],"author":[{"embeddable":true,"href":"https:\/\/notiissa.mx\/index.php?rest_route=\/wp\/v2\/users\/1"}],"replies":[{"embeddable":true,"href":"https:\/\/notiissa.mx\/index.php?rest_route=%2Fwp%2Fv2%2Fcomments&post=7843"}],"version-history":[{"count":1,"href":"https:\/\/notiissa.mx\/index.php?rest_route=\/wp\/v2\/posts\/7843\/revisions"}],"predecessor-version":[{"id":7845,"href":"https:\/\/notiissa.mx\/index.php?rest_route=\/wp\/v2\/posts\/7843\/revisions\/7845"}],"wp:featuredmedia":[{"embeddable":true,"href":"https:\/\/notiissa.mx\/index.php?rest_route=\/wp\/v2\/media\/7844"}],"wp:attachment":[{"href":"https:\/\/notiissa.mx\/index.php?rest_route=%2Fwp%2Fv2%2Fmedia&parent=7843"}],"wp:term":[{"taxonomy":"category","embeddable":true,"href":"https:\/\/notiissa.mx\/index.php?rest_route=%2Fwp%2Fv2%2Fcategories&post=7843"},{"taxonomy":"post_tag","embeddable":true,"href":"https:\/\/notiissa.mx\/index.php?rest_route=%2Fwp%2Fv2%2Ftags&post=7843"}],"curies":[{"name":"wp","href":"https:\/\/api.w.org\/{rel}","templated":true}]}}