{"id":77337,"date":"2025-04-21T18:35:33","date_gmt":"2025-04-22T00:35:33","guid":{"rendered":"https:\/\/notiissa.mx\/?p=77337"},"modified":"2025-04-21T18:35:33","modified_gmt":"2025-04-22T00:35:33","slug":"quienes-son-los-posibles-sucesores-de-francisco","status":"publish","type":"post","link":"https:\/\/notiissa.mx\/?p=77337","title":{"rendered":"\u00bfQui\u00e9nes son los posibles sucesores de Francisco?"},"content":{"rendered":"<p>La principal inc\u00f3gnita es si el pr\u00f3ximo l\u00edder de la Iglesia cat\u00f3lica representar\u00e1 una apuesta continuista con el legado de Jorge Bergoglio o se producir\u00e1 un giro conservador.<\/p>\n<p>A las 7:30 de la ma\u00f1ana de este lunes ha fallecido el papa Francisco, a los 88 a\u00f1os de edad. El primer sumo pont\u00edfice de la Iglesia cat\u00f3lica de origen latinoamericano ha dejado un gran legado despu\u00e9s de doce a\u00f1os de mandato en el Vaticano, pero su muerte trae consigo\u00a0una inc\u00f3gnita.<\/p>\n<p>Ahora se abre el proceso sucesorio para decidir quien ser\u00e1 el 267\u00ba papa, que debe ser elegido por los cardenales de todo el mundo menores de 80 a\u00f1os. Su definici\u00f3n alimenta la duda sobre\u00a0la senda que tomar\u00e1\u00a0el nuevo l\u00edder: si continuar\u00e1 el <strong>proceso aperturista<\/strong> impulsado por Francisco\u00a0o recorrer\u00e1 una ruta\u00a0m\u00e1s conservadora.<\/p>\n<p>Entre los probables candidatos para heredar el anillo del pescador, s\u00edmbolo de los legatarios del ap\u00f3stol San Pedro, se encuentran nombres de cardenales provenientes de todo el orbe, con diferentes perfiles. Estos son los principales.<\/p>\n<h3>Peter Turkson, Ghana, 76 a\u00f1os<\/h3>\n<p>El cardenal Peter Kodwo Appiah Turkson, conocido como Peter Turkson, es el primer candidato. Su nombre ya son\u00f3 en el c\u00f3nclave de 2013, que finalmente aprob\u00f3 la elecci\u00f3n de Francisco. Podr\u00eda convertirse en <strong>el primer papa negro<\/strong> en la historia.<\/p>\n<p>Exobispo de Cape Coast, nacido en Ghana, fue el primer cardenal procedente de este pa\u00eds. Fue destinado por Francisco como <strong>enviado de paz a Sud\u00e1n del Sur<\/strong>. Es el principal representante del catolicismo africano, defensor de la <strong>justicia social<\/strong> y el <strong>desarrollo sostenible<\/strong> y con sensibilidad hacia temas relacionados con la ecolog\u00eda, la pobreza y los derechos humanos.<\/p>\n<p>Un posible pontificado con Turkson al frente estar\u00eda probablemente m\u00e1s enfocado a la doctrina social de la Iglesia y se contemplar\u00eda como continuista de su antecesor. Sin embargo, su edad, 76 a\u00f1os, podr\u00eda ser el mayor obst\u00e1culo para su elecci\u00f3n.<\/p>\n<h3>Luis Antonio Tagle, Filipinas, 67 a\u00f1os<\/h3>\n<p>El exarzobispo de Manila, Luis Antonio Tagle, de 67 a\u00f1os, es otro de los favoritos en las apuestas. Podr\u00eda convertirse en el <strong>primer papa de procedencia asi\u00e1tica,<\/strong> en un momento en el que el catolicismo experimenta un gran empuje en la regi\u00f3n.<\/p>\n<p>Fuertemente contrario al aborto, mantiene posturas bastante progresistas en otros campos, criticando el duro trato que se dispensa a las parejas homosexuales y divorciadas, pero defendiendo la <strong>justicia social<\/strong>.<\/p>\n<p>Cercano a Francisco, actualmente es prefecto del Dicasterio para la Evangelizaci\u00f3n y se le reconoce un gran carisma y cercan\u00eda a los fieles.<\/p>\n<h3>Pietro Parolin, Italia, 70 a\u00f1os<\/h3>\n<p>Pietro Parolin es el actual secretario de Estado del Vaticano, una figura considerada moderada y que ha sido durante estos a\u00f1os de la <strong>m\u00e1xima confianza de Francisco<\/strong>.<\/p>\n<p>Su posible elecci\u00f3n podr\u00eda ser tambi\u00e9n una ruta continuista, si bien no es tan af\u00edn al ala progresista, como pareci\u00f3 ser el anterior sumo pont\u00edfice.<\/p>\n<p>Con experiencia en la <strong>diplomacia vaticana<\/strong>, ha jugado un rol importante en las relaciones con pa\u00edses como China o Venezuela, mientras que su edad no es tan elevada como para ser considerada un fuerte obst\u00e1culo.<\/p>\n<h3>Peter Erd\u00f6, Hungr\u00eda, 72 a\u00f1os<\/h3>\n<p>El arzobispo Peter Erd\u00f6 es considerado miembro del <strong>bloque conservador<\/strong> del Colegio cardenalicio, y uno de los que m\u00e1s votos podr\u00eda aglutinar en ese espectro.<\/p>\n<p>Si fuese elegido, ser\u00eda el segundo papa proveniente del antiguo bloque sovi\u00e9tico, despu\u00e9s del carism\u00e1tico Juan Pablo II. Se ha pronunciado en contra de que divorciados o casados en segundas nupcias reciban la comuni\u00f3n.<\/p>\n<h3>Jos\u00e9 Tolentino, Portugal, 59 a\u00f1os<\/h3>\n<p>Jos\u00e9 Tolentino, originario del archipi\u00e9lago portugu\u00e9s de Madeira, exarzobispo de Suava, actualmente es cardenal di\u00e1cono\u00a0de los\u00a0Santos Domingo y Sixto, y prefecto del Dicasterio para la Cultura y la Educaci\u00f3n.<\/p>\n<p>Es uno de los nombres m\u00e1s j\u00f3venes, ya que tiene 59 a\u00f1os. Es te\u00f3logo y profesor universitario y tambi\u00e9n se le considera como\u00a0uno de los representantes m\u00e1s originales de la <strong>literatura portuguesa<\/strong> moderna, as\u00ed como un eminente intelectual cat\u00f3lico.<\/p>\n<h3>Matteo Zuppi, Italia, 69 a\u00f1os<\/h3>\n<p>El cardenal Matteo Zuppi, arzobispo de Bolonia desde 2015 y presidente de la Conferencia Episcopal Italiana, tambi\u00e9n podr\u00eda convertirse en un sucesor continuista de la obra reformista de Francisco.<\/p>\n<p>Durante los \u00faltimos a\u00f1os ha destacado por sus labores de<strong>\u00a0paz<\/strong>. As\u00ed, ha mediado en conflictos internacionales como el de Ucrania, por lo que fue nombrado enviado especial del Vaticano y realiz\u00f3 una visita a Mosc\u00fa.<\/p>\n<p>Su estilo sencillo, que recuerda al de Francisco, se vierte fundamentalmente en los <strong>problemas sociales<\/strong>. Adem\u00e1s, su origen italiano podr\u00eda ser un atributo adicional, teniendo en cuenta que Roma no tiene en papa de esta nacionalidad desde 1978.<\/p>\n<h3>Mario Grech, Malta, 68 a\u00f1os<\/h3>\n<p>Mario Grech, actual secretario general del S\u00ednodo de los Obispos, es otro de los nombres que suenan en esta carrera. Nacido en la isla mediterr\u00e1nea de Malta, ha tomado relevancia en los \u00faltimos tiempos por defender la importancia de <strong>escuchar a las comunidades de base y la participaci\u00f3n activa<\/strong> en las tomas de decisiones en el seno de la Iglesia.<\/p>\n<p>Esta visi\u00f3n m\u00e1s abierta es bien recibida por los \u00e1mbitos m\u00e1s progresistas, como en su mano tendida al trato con parejas del mismo sexo\u00a0y divorciadas, pese a que se considera\u00a0tradicionalista.<\/p>\n<h3>Robert Sarah, Rep\u00fablica de Guinea, 79 a\u00f1os<\/h3>\n<p>Robert Sarah es la segunda carta en juego para hacer realidad la posibilidad de tener por primera vez un papa negro. Nacido en Guinea Francesa, antes de la independencia de lo que hoy es la Rep\u00fablica de Guinea, fue obispo de Gozo entre 2015 y 2019.<\/p>\n<p>Su carrera en el Vaticano comenz\u00f3 en la \u00e9poca de Juan Pablo II (1978-2005) y se le considera uno de los candidatos m\u00e1s cercanos al <strong>ala conservadora<\/strong>.\u00a0Se ha pronunciado <strong>contra el fundamentalismo isl\u00e1mico\u00a0y contra la &#8216;ideolog\u00eda de g\u00e9nero&#8217;,\u00a0<\/strong>al tiempo que\u00a0se ha mostrado cr\u00edtico con algunas de las reformas promovidas por Francisco.<\/p>\n<p>Como sucede con otros candidatos, su avanzada edad puede ser un obst\u00e1culo, a no ser que se opte por un papado de transici\u00f3n.<\/p>\n<h3><strong>Raymond Leo Burke, EE.UU., 76 a\u00f1os<\/strong><\/h3>\n<p>Raymond Leo Burke es otra de las voces conservadoras de la Iglesia cat\u00f3lica y uno de los principales <strong>cr\u00edticos de las reformas introducidas por Francisco<\/strong> en los \u00faltimos a\u00f1os, sobre todo relacionados con la familia y la moralidad sexual.<\/p>\n<p>Su elecci\u00f3n significar\u00eda un giro casi de 180 grados con respecto a las posturas defendidas por el sumo pont\u00edfice que ha fallecido hoy. Opuesto a la comuni\u00f3n de divorciados casados en segundas nupcias, apuesta por una iglesia a\u00fan m\u00e1s tradicional.<\/p>\n<p>Podr\u00eda convertirse en el primer papa originario de EE.UU.<\/p>\n<h3><strong>Marc Ouellet, Canad\u00e1, 80 a\u00f1os<\/strong><\/h3>\n<p>Otra opci\u00f3n conservadora ser\u00eda la de Marc Ouellet, exprefecto del Dicasterio para los Obispos, nacido en Canad\u00e1 y de 80 a\u00f1os. Si su edad juega en contra de sus opciones, su experiencia y su <strong>conocimiento de la estructura eclesi\u00e1stica<\/strong>\u00a0son un punto a favor, por lo que\u00a0no lo descartan de inicio.<\/p>\n<p>Fue prefecto del Dicasterio para los Obispos y ha tenido un importante papel en la selecci\u00f3n de los obispos durante el \u00faltimo pontificado.<\/p>\n<h3>Fridolin Ambongo, Rep\u00fablica democr\u00e1tica del Congo, 65 a\u00f1os<\/h3>\n<p>La terna de candidatos africanos la completa el cardenal Fridolin Ambongo, tambi\u00e9n uno de los candidatos m\u00e1s j\u00f3venes, con 65 a\u00f1os.<\/p>\n<p>Oriundo de Rep\u00fablica Democr\u00e1tica del Congo es conocido por su batalla a favor de los <strong>derechos humanos<\/strong> y por la <strong>justicia social<\/strong> en su pa\u00eds. Su candidatura podr\u00eda ser una apuesta por el reconocimiento del continente en el que el catolicismo est\u00e1 creciendo m\u00e1s r\u00e1pidamente en los \u00faltimos tiempos.<\/p>\n<p><strong>RT.<\/strong><\/p>\n<p>&nbsp;<\/p>\n","protected":false},"excerpt":{"rendered":"<p>La principal inc\u00f3gnita es si el pr\u00f3ximo l\u00edder de la Iglesia cat\u00f3lica representar\u00e1 una apuesta continuista con el legado de Jorge Bergoglio o se producir\u00e1 un giro conservador. A las 7:30 de la ma\u00f1ana de este lunes ha fallecido el papa Francisco, a los 88 a\u00f1os de edad. El primer sumo pont\u00edfice de la Iglesia [&hellip;]<\/p>\n","protected":false},"author":1,"featured_media":77338,"comment_status":"closed","ping_status":"open","sticky":false,"template":"","format":"standard","meta":{"rop_custom_images_group":[],"rop_custom_messages_group":[],"rop_publish_now":"initial","rop_publish_now_accounts":[],"rop_publish_now_history":[],"rop_publish_now_status":"pending","footnotes":""},"categories":[67,72,77],"tags":[23],"class_list":["post-77337","post","type-post","status-publish","format-standard","has-post-thumbnail","hentry","category-ciudad","category-estado","category-ni-lectoris","tag-destacado"],"_links":{"self":[{"href":"https:\/\/notiissa.mx\/index.php?rest_route=\/wp\/v2\/posts\/77337","targetHints":{"allow":["GET"]}}],"collection":[{"href":"https:\/\/notiissa.mx\/index.php?rest_route=\/wp\/v2\/posts"}],"about":[{"href":"https:\/\/notiissa.mx\/index.php?rest_route=\/wp\/v2\/types\/post"}],"author":[{"embeddable":true,"href":"https:\/\/notiissa.mx\/index.php?rest_route=\/wp\/v2\/users\/1"}],"replies":[{"embeddable":true,"href":"https:\/\/notiissa.mx\/index.php?rest_route=%2Fwp%2Fv2%2Fcomments&post=77337"}],"version-history":[{"count":1,"href":"https:\/\/notiissa.mx\/index.php?rest_route=\/wp\/v2\/posts\/77337\/revisions"}],"predecessor-version":[{"id":77339,"href":"https:\/\/notiissa.mx\/index.php?rest_route=\/wp\/v2\/posts\/77337\/revisions\/77339"}],"wp:featuredmedia":[{"embeddable":true,"href":"https:\/\/notiissa.mx\/index.php?rest_route=\/wp\/v2\/media\/77338"}],"wp:attachment":[{"href":"https:\/\/notiissa.mx\/index.php?rest_route=%2Fwp%2Fv2%2Fmedia&parent=77337"}],"wp:term":[{"taxonomy":"category","embeddable":true,"href":"https:\/\/notiissa.mx\/index.php?rest_route=%2Fwp%2Fv2%2Fcategories&post=77337"},{"taxonomy":"post_tag","embeddable":true,"href":"https:\/\/notiissa.mx\/index.php?rest_route=%2Fwp%2Fv2%2Ftags&post=77337"}],"curies":[{"name":"wp","href":"https:\/\/api.w.org\/{rel}","templated":true}]}}