{"id":77334,"date":"2025-04-21T18:22:41","date_gmt":"2025-04-22T00:22:41","guid":{"rendered":"https:\/\/notiissa.mx\/?p=77334"},"modified":"2025-04-21T18:22:41","modified_gmt":"2025-04-22T00:22:41","slug":"volvi-a-la-iglesia-gracias-a-francisco-maradona","status":"publish","type":"post","link":"https:\/\/notiissa.mx\/?p=77334","title":{"rendered":"\u00abVolv\u00ed a la iglesia gracias a Francisco\u00bb: Maradona"},"content":{"rendered":"<h1 class=\"HeadLine-root HeadLine-type_2 \">La confesi\u00f3n tras haberse \u00abenojado\u00bb con Dios.<\/h1>\n<p>El astro del f\u00fatbol visit\u00f3 al papa argentino en 2014 y cambi\u00f3 su visi\u00f3n sobre el Vaticano.<\/p>\n<p>La\u00a0muerte del papa Francisco, ocurrida este lunes 21 de abril, removi\u00f3 en Argentina un sinf\u00edn de emociones y recuerdos que marcaron la historia del pa\u00eds, desde que el arzobispo Jorge Bergoglio lleg\u00f3 al Vaticano el 13 de marzo de 2013.<\/p>\n<p>En agosto del a\u00f1o siguiente, la estrella del f\u00fatbol Diego Armando Maradona viaj\u00f3 a Roma para participar de un evento impulsado por el papa, otro amante de este deporte: el Partido interreligioso por la Paz, disputado el 1 de septiembre.<\/p>\n<p>Fue en la previa de ese encuentro cuando Maradona asisti\u00f3 a una cena invitado por Guillermo Moreno, el exsecretario de Comercio del gobierno de Cristina Fern\u00e1ndez de Kirchner. All\u00ed, el excapit\u00e1n del seleccionado argentino confes\u00f3 que la llegada de Francisco lo ayud\u00f3 a <strong>reconciliarse con la Iglesia cat\u00f3lica<\/strong>, luego de a\u00f1os de distanciamiento por diferencias pol\u00edticas.<\/p>\n<p><strong>\u00abYo te digo que me gan\u00f3 el coraz\u00f3n\u00bb<\/strong>, le comenta el &#8217;10&#8217; a Moreno al hablar del sumo pont\u00edfice. Y cuenta una conversaci\u00f3n que tuvo con su padre, a quien le recomienda hacerse \u00abamigo de Francisquito\u00bb.<\/p>\n<p>Luego se dirigi\u00f3 a todos los presentes en la velada: <strong>\u00abQuisiera decirles a todos los argentinos que yo ayer volv\u00ed a la iglesia gracias a Francisco\u00bb.<\/strong><\/p>\n<p>\u00abYo me hab\u00eda alejado porque estaba enojado con Dios. Pero encontr\u00e9 un hombre humano, que no me hizo besar el anillo. Que me dio un abrazo como si me lo hubiera dado mi viejo. Y eso me rompi\u00f3 el coraz\u00f3n\u00bb, dice Maradona en un discurso que qued\u00f3 grabado y se viraliz\u00f3 en las redes sociales tras el fallecimiento del papa.<\/p>\n<p>En aquel encuentro entre Maradona y Francisco, el excampe\u00f3n del mundo le obsequi\u00f3 al l\u00edder religioso una camiseta de la selecci\u00f3n argentina firmada por \u00e9l, con el nombre del papa y el emblem\u00e1tico n\u00famero 10.<\/p>\n<p>La anterior visita de Maradona al Vaticano hab\u00eda sido a fines de los 80, durante el papado de Juan Pablo II, pero el \u00eddolo argentino no guardaba el mejor recuerdo. As\u00ed lo relata \u00e9l mismo en su libro autobiogr\u00e1fico &#8216;Yo soy el Diego de la gente&#8217;: \u00abMe pele\u00e9 con el papa porque fui al Vaticano y vi los techos de oro. Y despu\u00e9s escuch\u00e9 al papa decir que la Iglesia se preocupaba por los chicos pobres\u2026 Pero, \u00a1vend\u00e9 el techo, fiera, hac\u00e9 algo!\u00bb.<\/p>\n<p><strong>RT.<\/strong><\/p>\n","protected":false},"excerpt":{"rendered":"<p>La confesi\u00f3n tras haberse \u00abenojado\u00bb con Dios. El astro del f\u00fatbol visit\u00f3 al papa argentino en 2014 y cambi\u00f3 su visi\u00f3n sobre el Vaticano. La\u00a0muerte del papa Francisco, ocurrida este lunes 21 de abril, removi\u00f3 en Argentina un sinf\u00edn de emociones y recuerdos que marcaron la historia del pa\u00eds, desde que el arzobispo Jorge Bergoglio [&hellip;]<\/p>\n","protected":false},"author":1,"featured_media":77335,"comment_status":"closed","ping_status":"open","sticky":false,"template":"","format":"standard","meta":{"rop_custom_images_group":[],"rop_custom_messages_group":[],"rop_publish_now":"initial","rop_publish_now_accounts":[],"rop_publish_now_history":[],"rop_publish_now_status":"pending","footnotes":""},"categories":[67,72,77],"tags":[23],"class_list":["post-77334","post","type-post","status-publish","format-standard","has-post-thumbnail","hentry","category-ciudad","category-estado","category-ni-lectoris","tag-destacado"],"_links":{"self":[{"href":"https:\/\/notiissa.mx\/index.php?rest_route=\/wp\/v2\/posts\/77334","targetHints":{"allow":["GET"]}}],"collection":[{"href":"https:\/\/notiissa.mx\/index.php?rest_route=\/wp\/v2\/posts"}],"about":[{"href":"https:\/\/notiissa.mx\/index.php?rest_route=\/wp\/v2\/types\/post"}],"author":[{"embeddable":true,"href":"https:\/\/notiissa.mx\/index.php?rest_route=\/wp\/v2\/users\/1"}],"replies":[{"embeddable":true,"href":"https:\/\/notiissa.mx\/index.php?rest_route=%2Fwp%2Fv2%2Fcomments&post=77334"}],"version-history":[{"count":1,"href":"https:\/\/notiissa.mx\/index.php?rest_route=\/wp\/v2\/posts\/77334\/revisions"}],"predecessor-version":[{"id":77336,"href":"https:\/\/notiissa.mx\/index.php?rest_route=\/wp\/v2\/posts\/77334\/revisions\/77336"}],"wp:featuredmedia":[{"embeddable":true,"href":"https:\/\/notiissa.mx\/index.php?rest_route=\/wp\/v2\/media\/77335"}],"wp:attachment":[{"href":"https:\/\/notiissa.mx\/index.php?rest_route=%2Fwp%2Fv2%2Fmedia&parent=77334"}],"wp:term":[{"taxonomy":"category","embeddable":true,"href":"https:\/\/notiissa.mx\/index.php?rest_route=%2Fwp%2Fv2%2Fcategories&post=77334"},{"taxonomy":"post_tag","embeddable":true,"href":"https:\/\/notiissa.mx\/index.php?rest_route=%2Fwp%2Fv2%2Ftags&post=77334"}],"curies":[{"name":"wp","href":"https:\/\/api.w.org\/{rel}","templated":true}]}}