{"id":77331,"date":"2025-04-21T15:04:26","date_gmt":"2025-04-21T21:04:26","guid":{"rendered":"https:\/\/notiissa.mx\/?p=77331"},"modified":"2025-04-21T15:04:26","modified_gmt":"2025-04-21T21:04:26","slug":"va-pri-contra-plan-nacional-de-desarrollo","status":"publish","type":"post","link":"https:\/\/notiissa.mx\/?p=77331","title":{"rendered":"Va PRI contra Plan Nacional de Desarrollo"},"content":{"rendered":"<p class=\"yiv7199571866ydp2e97f7afMsoListParagraphCxSpFirst\"><strong>-Prioriza adoctrinamiento y no a resolver necesidades b\u00e1sicas.<\/strong><\/p>\n<p class=\"yiv7199571866ydp2e97f7afMsoListParagraphCxSpLast\"><strong>Por Silvia Madrid A.\u00a0<\/strong><\/p>\n<p class=\"yiv7199571866ydp2e97f7afMsoNormal\"><strong>Chihuahua.-<\/strong> El diputado federal y presidente del Comit\u00e9 Estatal del PRI Alejandro Dom\u00ednguez adelant\u00f3 que la bancada de su partido en la C\u00e1mara de Diputados va contra el Plan Nacional de Desarrollo -que deb\u00eda presentarse en febrero y lo hicieron en abril- porque da prioridad a la ideologizaci\u00f3n y no a resolver las necesidades b\u00e1sicas de la poblaci\u00f3n; no contempla la seguridad, el sistema de salud, la educaci\u00f3n de calidad, el cambio clim\u00e1tico y la generaci\u00f3n de empleos y adem\u00e1s se realiz\u00f3 sin tomar en cuenta a la sociedad.<\/p>\n<p class=\"yiv7199571866ydp2e97f7afMsoNormal\">Considera este plan un endeudamiento de 1.8 billones de pesos, cuando este a\u00f1o cerrar\u00e1 con 18 billones y para el 2026 ser\u00eda de 20 billones de pesos y no hay mecanismos para reducirla, ni la conductividad en carreteras, \u201cs\u00f3lo hay adoctrinamiento y no estrategias para el futuro\u201d.<\/p>\n<p class=\"yiv7199571866ydp2e97f7afMsoNormal\">Alejandro Dom\u00ednguez habl\u00f3 de dos iniciativas de Morena que tambi\u00e9n considera desastrosas -como esta el pa\u00eds tras las dos administraciones federales de este partido -dijo-: Se trata del Plan Nacional de Seguridad que pretende militarizar a todo el pa\u00eds y que las polic\u00edas municipales y estatales sean capacitadas y preparadas por la milicia, que sean militarizadas y no civiles. Y en el tema de seguridad agreg\u00f3 que son ya m\u00e1s de 250 mil asesinatos en esas dos gestiones de Morena; ha crecido much\u00edsimo la drogadicci\u00f3n, la producci\u00f3n de fentanilo y todo por la protecci\u00f3n al crimen organizado y a la fallida estrategia de abrazos no balazos. Y al desaparecer los fondos de seguridad se ha abandonado a los polic\u00edas pues ya no hay recursos para salarios, equipos, patrullas y lo necesario para combatir la creciente inseguridad.<\/p>\n<p class=\"yiv7199571866ydp2e97f7afMsoNormal\">\u201cTodo lo anterior sin transparencia e incluso de ha lanzado la convocatoria para sumar a la Guardia Nacional a 10 mil elementos, sin presupuesto algunos, pues esta contrataci\u00f3n no est\u00e1 contemplada para este a\u00f1o\u201d.<\/p>\n<p class=\"yiv7199571866ydp2e97f7afMsoNormal\">La otra iniciativa es crear una plataforma para celulares que permita conocer ubicaciones, datos, mensajes y dem\u00e1s, sin mandato judicial y desbloquear las se\u00f1ales a los Ceresos, donde se dan las extorsiones telef\u00f3nicas- y tener acceso a datos biom\u00e9tricos y bancarios, lo que es un peligro para los ciudadanos<\/p>\n<p class=\"yiv7199571866ydp2e97f7afMsoNormal\">Lo anterior expres\u00f3 el legislador federal es la postura de la bancada pri\u00edsta en la C\u00e1mara Baja y dijo que a titulo personal presentar\u00e1 una iniciativa para que las cuotas sindicales sean voluntarias, y cuando una persona deje de pagarlas, siga en el sindicato los mismo a\u00f1os que pago; es decir, si pag\u00f3 cuotas durante 10 a\u00f1os y decide ya no pagar, deber\u00e1 seguir ah\u00ed 10 a\u00f1os.<\/p>\n<p class=\"yiv7199571866ydp2e97f7afMsoNormal\">En el tema de salud mencion\u00f3 que el resurgimiento de enfermedades que se cre\u00edan erradicadas como el sarampi\u00f3n y la tos ferina se deben al desmantelamiento del sistema de salud pues ya no hay campa\u00f1as de vacunaci\u00f3n para las nuevas generaciones -antes hab\u00eda hasta en las escuelas y entregaban cartillas- indic\u00f3 que ahora no hay nada -ni medicamentos e insumos en los institutos de salud. Y o que se deber\u00eda hacer el gobierno federal es subrogar -la vacunaci\u00f3n-.<\/p>\n<p class=\"yiv7199571866ydp2e97f7afMsoNormal\">\u00a0<b>Avanza credencializaci\u00f3n de comit\u00e9s municipales del PRI<\/b><\/p>\n<p class=\"yiv7199571866ydp2e97f7afMsoNormal\">El presidente del Comit\u00e9 Municipal del PRI capitalino Pedro Berist\u00e1in dio a conocer que avanza la credencializaci\u00f3n de los integrantes de los comit\u00e9s municipales, se ha cubierto el 60 por ciento de los mismos.<\/p>\n<p class=\"yiv7199571866ydp2e97f7afMsoNormal\">Tambi\u00e9n anunci\u00f3 que el mes pr\u00f3ximo estar\u00e1 m\u00e1s abierto a toda la poblaci\u00f3n el Comit\u00e9 Municipal del PRI en la avenida Progreso casi esquina con la Ocampo, para dar diversos servicios como cortes de cabello, consultas m\u00e9dicas y asesor\u00edas jur\u00eddicas, entre otros; de esta manera se tendr\u00e1 m\u00e1s cercan\u00eda con la poblaci\u00f3n.<\/p>\n<p class=\"yiv7199571866ydp2e97f7afMsoNormal\"><b>Regidora refuerza la protecci\u00f3n civil<\/b><\/p>\n<p class=\"yiv7199571866ydp2e97f7afMsoNormal\">Por su parte la regidora pri\u00edsta Ana Lilia Orozco anunci\u00f3 la pr\u00f3xima visita a esta capital de un m\u00e9dico especialista en evacuaci\u00f3n de personas discapacitadas, para capacitar a elementos municipales de la Coordinaci\u00f3n de Protecci\u00f3n Civil, bomberos, polic\u00edas municipales, funcionarios y luego permear esos conocimientos a la sociedad.<\/p>\n<p class=\"yiv7199571866ydp2e97f7afMsoNormal\">Ella consider\u00f3 que es importante la preparaci\u00f3n de todos en el tema de la protecci\u00f3n civil y estar listos para participar de la mano de las autoridades en casos necesarios que impacten en la comunidad.<\/p>\n<p class=\"yiv7199571866ydp2e97f7afMsoNormal\">\n<p class=\"yiv7199571866ydp2e97f7afMsoNormal\">\n","protected":false},"excerpt":{"rendered":"<p>-Prioriza adoctrinamiento y no a resolver necesidades b\u00e1sicas. Por Silvia Madrid A.\u00a0 Chihuahua.- El diputado federal y presidente del Comit\u00e9 Estatal del PRI Alejandro Dom\u00ednguez adelant\u00f3 que la bancada de su partido en la C\u00e1mara de Diputados va contra el Plan Nacional de Desarrollo -que deb\u00eda presentarse en febrero y lo hicieron en abril- porque [&hellip;]<\/p>\n","protected":false},"author":1,"featured_media":77332,"comment_status":"closed","ping_status":"open","sticky":false,"template":"","format":"standard","meta":{"rop_custom_images_group":[],"rop_custom_messages_group":[],"rop_publish_now":"initial","rop_publish_now_accounts":[],"rop_publish_now_history":[],"rop_publish_now_status":"pending","footnotes":""},"categories":[67,72,77],"tags":[23],"class_list":["post-77331","post","type-post","status-publish","format-standard","has-post-thumbnail","hentry","category-ciudad","category-estado","category-ni-lectoris","tag-destacado"],"_links":{"self":[{"href":"https:\/\/notiissa.mx\/index.php?rest_route=\/wp\/v2\/posts\/77331","targetHints":{"allow":["GET"]}}],"collection":[{"href":"https:\/\/notiissa.mx\/index.php?rest_route=\/wp\/v2\/posts"}],"about":[{"href":"https:\/\/notiissa.mx\/index.php?rest_route=\/wp\/v2\/types\/post"}],"author":[{"embeddable":true,"href":"https:\/\/notiissa.mx\/index.php?rest_route=\/wp\/v2\/users\/1"}],"replies":[{"embeddable":true,"href":"https:\/\/notiissa.mx\/index.php?rest_route=%2Fwp%2Fv2%2Fcomments&post=77331"}],"version-history":[{"count":1,"href":"https:\/\/notiissa.mx\/index.php?rest_route=\/wp\/v2\/posts\/77331\/revisions"}],"predecessor-version":[{"id":77333,"href":"https:\/\/notiissa.mx\/index.php?rest_route=\/wp\/v2\/posts\/77331\/revisions\/77333"}],"wp:featuredmedia":[{"embeddable":true,"href":"https:\/\/notiissa.mx\/index.php?rest_route=\/wp\/v2\/media\/77332"}],"wp:attachment":[{"href":"https:\/\/notiissa.mx\/index.php?rest_route=%2Fwp%2Fv2%2Fmedia&parent=77331"}],"wp:term":[{"taxonomy":"category","embeddable":true,"href":"https:\/\/notiissa.mx\/index.php?rest_route=%2Fwp%2Fv2%2Fcategories&post=77331"},{"taxonomy":"post_tag","embeddable":true,"href":"https:\/\/notiissa.mx\/index.php?rest_route=%2Fwp%2Fv2%2Ftags&post=77331"}],"curies":[{"name":"wp","href":"https:\/\/api.w.org\/{rel}","templated":true}]}}