{"id":77307,"date":"2025-04-21T07:31:45","date_gmt":"2025-04-21T13:31:45","guid":{"rendered":"https:\/\/notiissa.mx\/?p=77307"},"modified":"2025-04-21T07:31:45","modified_gmt":"2025-04-21T13:31:45","slug":"austeridad-y-politica-el-estilo-del-papa-francisco","status":"publish","type":"post","link":"https:\/\/notiissa.mx\/?p=77307","title":{"rendered":"Austeridad y pol\u00edtica: el estilo del papa Francisco"},"content":{"rendered":"<p>Aunque nunca volvi\u00f3 a su pa\u00eds natal, siempre estuvo involucrado en los debates locales.<\/p>\n<p>El 13 de marzo de 2013, el mundo entero se sorprendi\u00f3 con la noticia de que, por primera vez en siglos de historia, un arzobispo jesuita y latinomericano hab\u00eda sido elegido Papa.<\/p>\n<p>Se trataba de <strong>Jorge Mario Bergoglio,<\/strong> quien a sus 77 a\u00f1os eligi\u00f3\u00a0el nombre de Francisco en alusi\u00f3n a San Francisco de As\u00eds, emblema del compromiso de la Iglesia Cat\u00f3lica con los pobres. Y, desde el primer momento, el argentino marc\u00f3 diferencias con sus antecesores.<\/p>\n<h3>Austeridad<\/h3>\n<p>Al igual que lo hab\u00eda hecho en Buenos Aires, cuando todav\u00eda era el cardenal Bergoglio, <strong>Francisco rechaz\u00f3 toda muestra de ostentaci\u00f3n<\/strong> durante su papado.<\/p>\n<p>As\u00ed lo dej\u00f3 en claro desde el d\u00eda de su asunci\u00f3n como jefe de Estado de El Vaticano, ya que <strong>se neg\u00f3 a vestir los lujosos zapatos de cuero y bordados en oro<\/strong> que usaba su antecesor, Benedicto XVI, y que fabricaba el\u00a0reconocido zapatero italiano Adriano Stefanelli.<\/p>\n<p>En su lugar, Francisco sali\u00f3 a saludar a los cientos de miles de fieles que festejaban en la plaza San Pedro el inicio de su papado, con los humildes y gastados zapatos con los que hab\u00eda viajado desde Buenos Aires, sin saber que ser\u00eda elegido Sumo Pont\u00edfice y que nunca volver\u00eda a su ciudad natal.<\/p>\n<p>Tambi\u00e9n\u00a0<strong>decidi\u00f3 vivir\u00a0en Santa Marta<\/strong>,<strong> una casa cuya sencillez contrasta con la opulencia<\/strong> del Palacio Lateranense que sol\u00edan habitar los papas. Francisco, adem\u00e1s, nunca se tom\u00f3 vacaciones y, de haber podido, habr\u00eda viajado en transporte p\u00fablico como lo hizo siempre en Buenos Aires.<\/p>\n<h3>Rebeld\u00eda<\/h3>\n<p>El 25 de julio de 2013, solo cuatro meses despu\u00e9s de haber comenzado su papado, Francisco ofreci\u00f3 un discurso que impact\u00f3 en el mundo entero y que marc\u00f3 el tono que le imprimir\u00eda a su gesti\u00f3n al frente de la Iglesia Cat\u00f3lica.<\/p>\n<p>\u00abQuiero l\u00edo en las di\u00f3cesis, quiero que se salga afuera, quiero que la Iglesia salga a la calle, quiero que nos defendamos de todo lo que sea mundanidad, de lo que sea instalaci\u00f3n, de lo que sea comodidad, de lo que sea clericalismo, de lo que sea estar encerrados en nosotros mismos, las parroquias, los colegios, las instituciones son para salir, si no salen se convierten en una ONG.\u00a0Y la Iglesia no puede ser una ONG. <strong>\u00a1Hagan l\u00edo!\u00bb<\/strong>, afirm\u00f3\u00a0durante la\u00a0Jornada Mundial de la Juventud que se realiz\u00f3 en R\u00edo de Janeiro.<\/p>\n<p>Las palabras del Papa se interpretaron como un acto de rebeld\u00eda, de urgencia de <strong>transformaci\u00f3n de una Iglesia envuelta en desprestigio<\/strong> por denuncias de corrupci\u00f3n, abusos sexuales masivos y su distanciamiento de los fieles.<\/p>\n<p>A partir de entonces, pregon\u00f3 la importancia de la humildad y se consolid\u00f3 como el primer Papa que intent\u00f3 transparentar\u00a0los manejos financieros y pol\u00edticos de El Vaticano. Hizo l\u00edo.<\/p>\n<h3>Desigualdad<\/h3>\n<p>Francisco siempre hizo honor al nombre que adopt\u00f3, ya que conden\u00f3 con asiduidad la acumulaci\u00f3n de la riqueza, defendi\u00f3 a rajatabla la justicia social y denunci\u00f3\u00a0el impacto del cambio clim\u00e1tico. <strong>Se convirti\u00f3 en el primer papa progresista.<\/strong><\/p>\n<p>\u00ab<strong>El dinero y el poder ensucian<\/strong>\u00ab, dijo en 2016 a 226 obispos que participaban en la Conferencia Episcopal Italiana. \u00abEl desarrollo exclusivista hace que los ricos sean m\u00e1s ricos y los pobres m\u00e1s pobres\u00bb, a\u00f1adi\u00f3\u00a0tres a\u00f1os m\u00e1s tarde, en otro discurso. En septiembre de 2024, pidi\u00f3 que los gobiernos impusieran m\u00e1s impuestos a los m\u00e1s ricos para poder distribuirlos entre los pobres.<\/p>\n<p>\u00abEl Estado, hoy m\u00e1s importante que nunca, est\u00e1 llamado a ejercer ese papel central de redistribuci\u00f3n y justicia social (&#8230;) <strong>El dios mercado y la diosa ganancia son falsas <\/strong>deidades que nos conducen a la deshumanizaci\u00f3n y a la destrucci\u00f3n del planeta. La historia lo ha demostrado en muchas y muy tristes oportunidades\u00bb, advirti\u00f3.<\/p>\n<p>Las posiciones de Francisco, que en muchos casos provocaron pol\u00e9micas,\u00a0lo fueron alejando de los sectores m\u00e1s conservadores de la Iglesia Cat\u00f3lica y de los pol\u00edticos de la ultraderecha, que avanzaron en los casilleros de poder en la \u00faltima d\u00e9cada y que lo consideraron un adversario.<\/p>\n<h3>Sensibilidad<\/h3>\n<p>En mayo de 2024, el papa sorprendi\u00f3 al develar aspectos de su vida personal durante la clausura\u00a0del &#8216;Encuentro Internacional de Sentido&#8217;, que se realiz\u00f3 en El Vaticano\u00a0y que fue organizado por\u00a0la fundaci\u00f3n Scholas Occurrentes, que \u00e9l tanto impuls\u00f3.<\/p>\n<p>Ah\u00ed, un joven le pregunt\u00f3 cu\u00e1l era su recuerdo m\u00e1s antiguo, a lo que respondi\u00f3 que los almuerzos con su abuela paterna, Rosa Vasallo. \u00abAh\u00ed se hablaba piamont\u00e9s. <strong>Mi primera lengua fue el piamont\u00e9s. <\/strong>Despu\u00e9s aprend\u00ed el castellano\u00bb, dijo al referirse al origen italiano de su familia.<\/p>\n<p>M\u00e1s tarde, <strong>recit\u00f3 de memoria los primeros versos<\/strong> de Everness, un poema del argentino Jorge Luis Borges: \u00abSolo una cosa no hay, es el olvido \/ Dios, que salva el metal, salva la escoria \/ y cifra en su prof\u00e9tica memoria \/ las lunas que ser\u00e1n y las que han sido\u00bb.<\/p>\n<p>Tambi\u00e9n record\u00f3 que, durante su infancia<strong>, su padre le le\u00eda &#8216;Coraz\u00f3n, diario de un ni\u00f1o&#8217;,<\/strong> un cl\u00e1sico del\u00a0escritor Edmondo De Amicis, que le permiti\u00f3 introducirse en la literatura, en tanto que su abuela, a quien siempre mencionaba, le hac\u00eda repetir fragmento de &#8216;Los novios&#8217;, una novela de\u00a0Alessandro Manzoni. \u00abEl arte te abre mucho, te hace comprensivo y te aligera el coraz\u00f3n\u00bb, a\u00f1adi\u00f3 el Papa en una presentaci\u00f3n que tuvo un tono inusualmente \u00edntimo.<\/p>\n<h3>Argentina<\/h3>\n<p>Francisco <strong>nunca quiso viajar a Argentina<\/strong>,<strong> pero siempre estuvo presente.\u00a0<\/strong>L\u00edderes que se alternaron el poder en los 12 a\u00f1os que dur\u00f3 su papado se disputaron sus favores y trataron de usarlo pol\u00edticamente.<\/p>\n<p>Mientras fue el cardenal Bergoglio, es decir, la figura eclesi\u00e1stica m\u00e1s importante del pa\u00eds, se erigi\u00f3 en opositor a los expresidentes N\u00e9stor Kirchner y Cristina Fern\u00e1ndez de Kirchner. Por eso, cuando fue elegido Papa, <strong>los antikirchneristas celebraron<\/strong>.<\/p>\n<p>Pero se llevaron una sorpresa. <strong>Bergoglio<\/strong> recibi\u00f3\u00a0en siete ocasiones a Fern\u00e1ndez de Kirchner, se mantuvo cercano a los movimientos populares del pa\u00eds (y del resto del mundo).<\/p>\n<p>El Papa\u00a0se neg\u00f3 a regresar a Buenos Aires<strong>\u00a0a sabiendas de que su presencia\u00a0ser\u00eda usada pol\u00edticamente<\/strong> y abonar\u00eda a la polarizaci\u00f3n. En cambio, prioriz\u00f3 viajes a otros pa\u00edses de la regi\u00f3n, como Brasil, Paraguay, Bolivia, Chile y Colombia. En cada gira se especul\u00f3 con la posibilidad de una escala en Argentina que, finalmente, nunca se cumpli\u00f3.<\/p>\n<p><strong>RT.<\/strong><\/p>\n","protected":false},"excerpt":{"rendered":"<p>Aunque nunca volvi\u00f3 a su pa\u00eds natal, siempre estuvo involucrado en los debates locales. El 13 de marzo de 2013, el mundo entero se sorprendi\u00f3 con la noticia de que, por primera vez en siglos de historia, un arzobispo jesuita y latinomericano hab\u00eda sido elegido Papa. Se trataba de Jorge Mario Bergoglio, quien a sus [&hellip;]<\/p>\n","protected":false},"author":1,"featured_media":77308,"comment_status":"closed","ping_status":"open","sticky":false,"template":"","format":"standard","meta":{"rop_custom_images_group":[],"rop_custom_messages_group":[],"rop_publish_now":"initial","rop_publish_now_accounts":[],"rop_publish_now_history":[],"rop_publish_now_status":"pending","footnotes":""},"categories":[67,72,77],"tags":[],"class_list":["post-77307","post","type-post","status-publish","format-standard","has-post-thumbnail","hentry","category-ciudad","category-estado","category-ni-lectoris"],"_links":{"self":[{"href":"https:\/\/notiissa.mx\/index.php?rest_route=\/wp\/v2\/posts\/77307","targetHints":{"allow":["GET"]}}],"collection":[{"href":"https:\/\/notiissa.mx\/index.php?rest_route=\/wp\/v2\/posts"}],"about":[{"href":"https:\/\/notiissa.mx\/index.php?rest_route=\/wp\/v2\/types\/post"}],"author":[{"embeddable":true,"href":"https:\/\/notiissa.mx\/index.php?rest_route=\/wp\/v2\/users\/1"}],"replies":[{"embeddable":true,"href":"https:\/\/notiissa.mx\/index.php?rest_route=%2Fwp%2Fv2%2Fcomments&post=77307"}],"version-history":[{"count":1,"href":"https:\/\/notiissa.mx\/index.php?rest_route=\/wp\/v2\/posts\/77307\/revisions"}],"predecessor-version":[{"id":77309,"href":"https:\/\/notiissa.mx\/index.php?rest_route=\/wp\/v2\/posts\/77307\/revisions\/77309"}],"wp:featuredmedia":[{"embeddable":true,"href":"https:\/\/notiissa.mx\/index.php?rest_route=\/wp\/v2\/media\/77308"}],"wp:attachment":[{"href":"https:\/\/notiissa.mx\/index.php?rest_route=%2Fwp%2Fv2%2Fmedia&parent=77307"}],"wp:term":[{"taxonomy":"category","embeddable":true,"href":"https:\/\/notiissa.mx\/index.php?rest_route=%2Fwp%2Fv2%2Fcategories&post=77307"},{"taxonomy":"post_tag","embeddable":true,"href":"https:\/\/notiissa.mx\/index.php?rest_route=%2Fwp%2Fv2%2Ftags&post=77307"}],"curies":[{"name":"wp","href":"https:\/\/api.w.org\/{rel}","templated":true}]}}