{"id":77211,"date":"2025-04-17T15:59:21","date_gmt":"2025-04-17T21:59:21","guid":{"rendered":"https:\/\/notiissa.mx\/?p=77211"},"modified":"2025-04-17T15:59:21","modified_gmt":"2025-04-17T21:59:21","slug":"eco-bahia-fortalece-su-compromiso-ambiental-en-la-bioferia-mexico-2025","status":"publish","type":"post","link":"https:\/\/notiissa.mx\/?p=77211","title":{"rendered":"Eco-Bah\u00eda fortalece su compromiso ambiental en la Bioferia M\u00e9xico 2025"},"content":{"rendered":"<p class=\"yiv9181833486gmail-MsoListParagraph\"><span lang=\"ES-TRAD\">\u00b7<\/span><b><i><span lang=\"ES-TRAD\">Un espacio de aprendizaje y acci\u00f3n por la biodiversidad.<\/span><\/i><\/b><\/p>\n<p class=\"yiv9181833486MsoNormal\"><i><span lang=\"ES-TRAD\">\u00a0<\/span><\/i><b><i><span lang=\"ES-TRAD\">Tulum, Quintana Roo.-<\/span><\/i><\/b><span lang=\"ES-TRAD\"> La Fundaci\u00f3n Eco-Bah\u00eda reafirm\u00f3 su compromiso con la educaci\u00f3n ambiental y la conservaci\u00f3n de los ecosistemas a trav\u00e9s de su destacada participaci\u00f3n en la Bioferia M\u00e9xico 2025, el evento de sustentabilidad m\u00e1s grande de Latinoam\u00e9rica. El evento, organizado en colaboraci\u00f3n con el Ayuntamiento de Tulum, reuni\u00f3 a empresas, ONGs y ciudadanos para promover un futuro m\u00e1s sostenible.<\/span><\/p>\n<p class=\"yiv9181833486MsoNormal\"><span lang=\"ES-TRAD\">En el Museo \u00abY\u00e1anal Ha\u00bb de Tulum, la Fundaci\u00f3n Eco-Bah\u00eda present\u00f3 un espacio interactivo donde los asistentes pudieron aprender y participar activamente en iniciativas de restauraci\u00f3n ecol\u00f3gica. Uno de los talleres m\u00e1s destacados fue la creaci\u00f3n de bombas de semillas con papel reciclado, en el que alrededor de 30 participantes conocieron la importancia de la reforestaci\u00f3n con especies nativas y su impacto en la restauraci\u00f3n de los ecosistemas.<\/span><\/p>\n<p class=\"yiv9181833486MsoNormal\"><b><span lang=\"ES-TRAD\">El manglar: pilar de la biodiversidad y la protecci\u00f3n costera<\/span><\/b><\/p>\n<p class=\"yiv9181833486MsoNormal\"><span lang=\"ES-TRAD\">Uno de los enfoques principales de la participaci\u00f3n de Eco-Bah\u00eda en la Bioferia fue resaltar la relevancia de la conservaci\u00f3n del manglar. A trav\u00e9s de un juego educativo basado en el cl\u00e1sico \u00abSerpientes y Escaleras\u00bb, los asistentes pudieron explorar de manera l\u00fadica el papel fundamental de estos ecosistemas en la protecci\u00f3n costera, la mitigaci\u00f3n del cambio clim\u00e1tico y la preservaci\u00f3n de la fauna silvestre.<\/span><\/p>\n<p class=\"yiv9181833486MsoNormal\"><i><span lang=\"ES-TRAD\">\u00abLa protecci\u00f3n del manglar es clave para la biodiversidad del Caribe Mexicano. A trav\u00e9s de actividades como estas, buscamos generar conciencia y motivar acciones concretas para su conservaci\u00f3n\u00bb, destac\u00f3 Luis Verdin, Gerente de la Fundaci\u00f3n Eco-Bah\u00eda en M\u00e9xico.<\/span><\/i><\/p>\n<p class=\"yiv9181833486MsoNormal\"><b><i><span lang=\"ES-TRAD\">Eco-Bah\u00eda y su compromiso con la educaci\u00f3n ambiental<\/span><\/i><\/b><\/p>\n<p class=\"yiv9181833486MsoNormal\"><span lang=\"ES-TRAD\">La participaci\u00f3n en la Bioferia M\u00e9xico 2025 reafirma el compromiso de la Fundaci\u00f3n Eco-Bah\u00eda con la educaci\u00f3n ambiental y la sustentabilidad. A trav\u00e9s de actividades interactivas y talleres, la fundaci\u00f3n sigue inspirando a ni\u00f1os, j\u00f3venes y adultos a asumir un papel activo en la protecci\u00f3n del medio ambiente.<\/span><\/p>\n<p class=\"yiv9181833486MsoNormal\"><span lang=\"ES-TRAD\">El evento fue posible gracias a la colaboraci\u00f3n con los organizadores de la Bioferia M\u00e9xico, el Ayuntamiento de Tulum y diversas entidades comprometidas con la sustentabilidad. Con iniciativas como esta, Eco-Bah\u00eda reafirma su misi\u00f3n de fomentar un futuro m\u00e1s sostenible para las generaciones futuras.<\/span><\/p>\n<p class=\"yiv9181833486MsoNormal\"><span lang=\"ES-TRAD\">La Fundaci\u00f3n Eco-Bah\u00eda invita a la comunidad a unirse a su compromiso con la educaci\u00f3n ambiental y la conservaci\u00f3n. Si desea contribuir a esta noble causa, puede hacerlo a trav\u00e9s de donaciones en la p\u00e1gina <\/span><span lang=\"ES-TRAD\"><a href=\"https:\/\/eco-bahia.com\/colabora.html\" target=\"_blank\" rel=\"nofollow noopener noreferrer\">eco-bahia.com\/colabora.<\/a><\/span><span lang=\"ES-TRAD\"> Cada aporte marca la diferencia en la preservaci\u00f3n de nuestro hermoso planeta.<\/span><\/p>\n<p><strong>Lorena Herrasti.<\/strong><\/p>\n","protected":false},"excerpt":{"rendered":"<p>\u00b7Un espacio de aprendizaje y acci\u00f3n por la biodiversidad. \u00a0Tulum, Quintana Roo.- La Fundaci\u00f3n Eco-Bah\u00eda reafirm\u00f3 su compromiso con la educaci\u00f3n ambiental y la conservaci\u00f3n de los ecosistemas a trav\u00e9s de su destacada participaci\u00f3n en la Bioferia M\u00e9xico 2025, el evento de sustentabilidad m\u00e1s grande de Latinoam\u00e9rica. El evento, organizado en colaboraci\u00f3n con el Ayuntamiento [&hellip;]<\/p>\n","protected":false},"author":1,"featured_media":77212,"comment_status":"closed","ping_status":"open","sticky":false,"template":"","format":"standard","meta":{"rop_custom_images_group":[],"rop_custom_messages_group":[],"rop_publish_now":"initial","rop_publish_now_accounts":[],"rop_publish_now_history":[],"rop_publish_now_status":"pending","footnotes":""},"categories":[75,67,64,72,66],"tags":[23],"class_list":["post-77211","post","type-post","status-publish","format-standard","has-post-thumbnail","hentry","category-actualidad","category-ciudad","category-educacion","category-estado","category-estilo-de-vida","tag-destacado"],"_links":{"self":[{"href":"https:\/\/notiissa.mx\/index.php?rest_route=\/wp\/v2\/posts\/77211","targetHints":{"allow":["GET"]}}],"collection":[{"href":"https:\/\/notiissa.mx\/index.php?rest_route=\/wp\/v2\/posts"}],"about":[{"href":"https:\/\/notiissa.mx\/index.php?rest_route=\/wp\/v2\/types\/post"}],"author":[{"embeddable":true,"href":"https:\/\/notiissa.mx\/index.php?rest_route=\/wp\/v2\/users\/1"}],"replies":[{"embeddable":true,"href":"https:\/\/notiissa.mx\/index.php?rest_route=%2Fwp%2Fv2%2Fcomments&post=77211"}],"version-history":[{"count":1,"href":"https:\/\/notiissa.mx\/index.php?rest_route=\/wp\/v2\/posts\/77211\/revisions"}],"predecessor-version":[{"id":77213,"href":"https:\/\/notiissa.mx\/index.php?rest_route=\/wp\/v2\/posts\/77211\/revisions\/77213"}],"wp:featuredmedia":[{"embeddable":true,"href":"https:\/\/notiissa.mx\/index.php?rest_route=\/wp\/v2\/media\/77212"}],"wp:attachment":[{"href":"https:\/\/notiissa.mx\/index.php?rest_route=%2Fwp%2Fv2%2Fmedia&parent=77211"}],"wp:term":[{"taxonomy":"category","embeddable":true,"href":"https:\/\/notiissa.mx\/index.php?rest_route=%2Fwp%2Fv2%2Fcategories&post=77211"},{"taxonomy":"post_tag","embeddable":true,"href":"https:\/\/notiissa.mx\/index.php?rest_route=%2Fwp%2Fv2%2Ftags&post=77211"}],"curies":[{"name":"wp","href":"https:\/\/api.w.org\/{rel}","templated":true}]}}