{"id":76651,"date":"2025-04-06T17:08:58","date_gmt":"2025-04-06T23:08:58","guid":{"rendered":"https:\/\/notiissa.mx\/?p=76651"},"modified":"2025-04-06T17:08:58","modified_gmt":"2025-04-06T23:08:58","slug":"la-fundacion-eco-bahia-en-noches-de-inframundo-con-su-programa-sak","status":"publish","type":"post","link":"https:\/\/notiissa.mx\/?p=76651","title":{"rendered":"La Fundaci\u00f3n Eco-Bah\u00eda en \u00abNoches de Inframundo\u00bb con su Programa SAK"},"content":{"rendered":"<p class=\"yiv0492897358MsoNormal\"><b><span lang=\"ES-TRAD\">Impulsa la educaci\u00f3n ambiental.<\/span><\/b><\/p>\n<p class=\"yiv0492897358MsoNormal\"><b><i><span lang=\"ES\">Chemuyil, Quintana Roo.-<\/span><\/i><\/b><span lang=\"ES\"> Como parte de su firme compromiso con la conservaci\u00f3n y la educaci\u00f3n ambiental, la Fundaci\u00f3n Eco-Bah\u00eda particip\u00f3 el pasado 28 de marzo en el evento \u00abNoches de Inframundo\u00bb, organizado por Cenotes Urbanos<\/span><span lang=\"ES\"> en colaboraci\u00f3n con Flora, Fauna y Cultura de M\u00e9xico A.C., en el Centro Comunitario La Ceiba, en la comunidad de Chemuyil.<\/span><\/p>\n<p class=\"yiv0492897358MsoNormal\"><span lang=\"ES\">Durante el evento, la Fundaci\u00f3n ofreci\u00f3 una charla titulada \u201cPrograma SAK\u201d, impartida por la hidrobi\u00f3loga Nadia Islas, supervisora del Departamento de Educaci\u00f3n Ambiental. La sesi\u00f3n reuni\u00f3 a una veintena de asistentes de la comunidad, con el prop\u00f3sito de generar conciencia sobre la creciente problem\u00e1tica de la contaminaci\u00f3n por pl\u00e1sticos.<\/span><\/p>\n<p class=\"yiv0492897358MsoNormal\"><span lang=\"ES\">La charla abord\u00f3 cifras alarmantes provenientes del PNUMA, destacando que en Am\u00e9rica Latina y el Caribe se generaban hasta 2019 m\u00e1s de 36 millones de toneladas de pl\u00e1stico al a\u00f1o, con proyecciones de incremento del 126% para 2060. Se subray\u00f3 la baja tasa de reciclaje en la regi\u00f3n y el grave impacto de los micropl\u00e1sticos \u2014en especial los nurdles\u2014 sobre los ecosistemas marinos.<\/span><\/p>\n<p class=\"yiv0492897358MsoNormal\"><span lang=\"ES\">En este marco, la Fundaci\u00f3n Eco-Bah\u00eda present\u00f3 su alianza con Nurdle Patrol, un proyecto internacional de ciencia ciudadana liderado por la Universidad de Texas, enfocado en el monitoreo y recolecci\u00f3n de nurdles, peque\u00f1as part\u00edculas pl\u00e1sticas que afectan gravemente la vida marina. Esta colaboraci\u00f3n se suma a las acciones del Programa SAK, una iniciativa integral que combina educaci\u00f3n, recolecci\u00f3n y sensibilizaci\u00f3n ambiental.<\/span><\/p>\n<p class=\"yiv0492897358MsoNormal\"><i><span lang=\"ES\">\u201cEs fundamental que todos entendamos el impacto del pl\u00e1stico en nuestros ecosistemas y en nuestra salud. A trav\u00e9s de programas como SAK y alianzas como Nurdle Patrol, podemos trabajar de manera activa y conjunta para reducir los residuos y promover un futuro m\u00e1s limpio y saludable\u201d,<\/span><\/i><span lang=\"ES\"> se\u00f1al\u00f3 Luis Verdin, gerente de la Fundaci\u00f3n Eco-Bah\u00eda en M\u00e9xico.<\/span><\/p>\n<p class=\"yiv0492897358MsoNormal\"><span lang=\"ES\">El Programa SAK busca motivar a personas de todas las edades a adoptar nuevas actitudes de respeto hacia los ecosistemas y fomentar una cultura de consumo responsable y correcta disposici\u00f3n de residuos. Asimismo, la Fundaci\u00f3n comparte informaci\u00f3n valiosa sobre recolecci\u00f3n y gesti\u00f3n de residuos con organizaciones internacionales como Ocean Conservancy, fortaleciendo as\u00ed su impacto a escala global.<\/span><\/p>\n<p class=\"yiv0492897358MsoNormal\"><span lang=\"ES-TRAD\">\u00a0<strong>Lorena Herrasti.<\/strong><\/span><\/p>\n<p class=\"yiv0492897358MsoNormal\"><span lang=\"ES-TRAD\">\u00a0<\/span><\/p>\n<p class=\"yiv0492897358MsoNormal\"><span lang=\"ES-TRAD\">\u00a0<\/span><\/p>\n<p class=\"yiv0492897358MsoNormal\"><span lang=\"ES-TRAD\">\u00a0<\/span><\/p>\n<p class=\"yiv0492897358MsoNormal\"><span lang=\"ES-TRAD\">Participando en actividades como \u201cNoches de Inframundo\u201d, la Fundaci\u00f3n Eco-Bah\u00eda reafirma su compromiso con la transformaci\u00f3n social y ambiental desde lo local, impulsando el conocimiento y la participaci\u00f3n comunitaria como herramientas clave para la conservaci\u00f3n.<\/span><\/p>\n<p class=\"yiv0492897358MsoNormal\"><b><span lang=\"ES-TRAD\">\u00a0<\/span><\/b><\/p>\n<p class=\"yiv0492897358MsoNormal\"><i><span lang=\"ES-TRAD\">\u00a0<\/span><\/i><\/p>\n<p class=\"yiv0492897358MsoNormal\"><i><span lang=\"ES-TRAD\">La Fundaci\u00f3n Eco-Bah\u00eda<\/span><\/i><span lang=\"ES-TRAD\"> invita a la comunidad a unirse a su compromiso con la educaci\u00f3n ambiental y la conservaci\u00f3n. Si desea contribuir a esta noble causa, puede hacerlo a trav\u00e9s de donaciones en la p\u00e1gina <\/span><span lang=\"ES-TRAD\"><a href=\"https:\/\/eco-bahia.com\/colabora.html\" target=\"_blank\" rel=\"nofollow noopener noreferrer\">eco-bahia.com\/colabora.<\/a><\/span><span lang=\"ES-TRAD\"> Cada aporte marca la diferencia en la preservaci\u00f3n de nuestro hermoso planeta<\/span><\/p>\n<p class=\"yiv0492897358MsoNormal\"><span lang=\"ES-TRAD\">\u00a0<\/span><\/p>\n<p class=\"yiv0492897358MsoNormal\"><b><span lang=\"ES-TRAD\">\u00a0<\/span><\/b><\/p>\n","protected":false},"excerpt":{"rendered":"<p>Impulsa la educaci\u00f3n ambiental. Chemuyil, Quintana Roo.- Como parte de su firme compromiso con la conservaci\u00f3n y la educaci\u00f3n ambiental, la Fundaci\u00f3n Eco-Bah\u00eda particip\u00f3 el pasado 28 de marzo en el evento \u00abNoches de Inframundo\u00bb, organizado por Cenotes Urbanos en colaboraci\u00f3n con Flora, Fauna y Cultura de M\u00e9xico A.C., en el Centro Comunitario La Ceiba, [&hellip;]<\/p>\n","protected":false},"author":1,"featured_media":76652,"comment_status":"closed","ping_status":"open","sticky":false,"template":"","format":"standard","meta":{"rop_custom_images_group":[],"rop_custom_messages_group":[],"rop_publish_now":"initial","rop_publish_now_accounts":[],"rop_publish_now_history":[],"rop_publish_now_status":"pending","footnotes":""},"categories":[67,61,72,66],"tags":[23],"class_list":["post-76651","post","type-post","status-publish","format-standard","has-post-thumbnail","hentry","category-ciudad","category-economia","category-estado","category-estilo-de-vida","tag-destacado"],"_links":{"self":[{"href":"https:\/\/notiissa.mx\/index.php?rest_route=\/wp\/v2\/posts\/76651","targetHints":{"allow":["GET"]}}],"collection":[{"href":"https:\/\/notiissa.mx\/index.php?rest_route=\/wp\/v2\/posts"}],"about":[{"href":"https:\/\/notiissa.mx\/index.php?rest_route=\/wp\/v2\/types\/post"}],"author":[{"embeddable":true,"href":"https:\/\/notiissa.mx\/index.php?rest_route=\/wp\/v2\/users\/1"}],"replies":[{"embeddable":true,"href":"https:\/\/notiissa.mx\/index.php?rest_route=%2Fwp%2Fv2%2Fcomments&post=76651"}],"version-history":[{"count":1,"href":"https:\/\/notiissa.mx\/index.php?rest_route=\/wp\/v2\/posts\/76651\/revisions"}],"predecessor-version":[{"id":76653,"href":"https:\/\/notiissa.mx\/index.php?rest_route=\/wp\/v2\/posts\/76651\/revisions\/76653"}],"wp:featuredmedia":[{"embeddable":true,"href":"https:\/\/notiissa.mx\/index.php?rest_route=\/wp\/v2\/media\/76652"}],"wp:attachment":[{"href":"https:\/\/notiissa.mx\/index.php?rest_route=%2Fwp%2Fv2%2Fmedia&parent=76651"}],"wp:term":[{"taxonomy":"category","embeddable":true,"href":"https:\/\/notiissa.mx\/index.php?rest_route=%2Fwp%2Fv2%2Fcategories&post=76651"},{"taxonomy":"post_tag","embeddable":true,"href":"https:\/\/notiissa.mx\/index.php?rest_route=%2Fwp%2Fv2%2Ftags&post=76651"}],"curies":[{"name":"wp","href":"https:\/\/api.w.org\/{rel}","templated":true}]}}