{"id":76622,"date":"2025-04-06T12:05:01","date_gmt":"2025-04-06T18:05:01","guid":{"rendered":"https:\/\/notiissa.mx\/?p=76622"},"modified":"2025-04-06T12:05:01","modified_gmt":"2025-04-06T18:05:01","slug":"participa-dif-municipal-en-caminata-por-la-inclusion-en-la-deportiva","status":"publish","type":"post","link":"https:\/\/notiissa.mx\/?p=76622","title":{"rendered":"Participa DIF Municipal en \u201cCaminata por la inclusi\u00f3n\u201d en la Deportiva"},"content":{"rendered":"<p><strong>Ciudad de Chihuahua.-<\/strong> En el marco del \u201cD\u00eda Mundial Sobre la Concientizaci\u00f3n del Autismo\u201d, la directora general del DIF Municipal, Liliana Herrera, participaron en la \u201cCaminata por la inclusi\u00f3n\u201d, celebrada por diversas asociaciones civiles, con la finalidad de crear conciencia en la poblaci\u00f3n.<\/p>\n<p>Familias chihuahuenses y asociaciones como \u201cIluminemos de Azul por el Autismo Cap\u00edtulo Chihuahua\u201d y \u201cChihuahua Feliz\u201d, as\u00ed como centros de atenci\u00f3n a ni\u00f1as, ni\u00f1os, adolescentes y j\u00f3venes con autismo, se dieron cita para ser parte de este contingente, que sali\u00f3 del estacionamiento de la Facultad de Derecho, para llegar a \u201cDomingo Feliz\u201d, en la Ciudad Deportiva.<\/p>\n<p>En su mensaje, Liliana Herrera destac\u00f3 las acciones que realiza el Gobierno Municipal, a trav\u00e9s del DIF Municipal y el IMPAS, tales como: terapias sensoriales, terapia de lenguaje y la equinoterapia, que beneficia aspectos como la habilidad social y el neurodesarrollo de las ni\u00f1as, ni\u00f1os y adolescentes con autismo.<\/p>\n","protected":false},"excerpt":{"rendered":"<p>Ciudad de Chihuahua.- En el marco del \u201cD\u00eda Mundial Sobre la Concientizaci\u00f3n del Autismo\u201d, la directora general del DIF Municipal, Liliana Herrera, participaron en la \u201cCaminata por la inclusi\u00f3n\u201d, celebrada por diversas asociaciones civiles, con la finalidad de crear conciencia en la poblaci\u00f3n. Familias chihuahuenses y asociaciones como \u201cIluminemos de Azul por el Autismo Cap\u00edtulo [&hellip;]<\/p>\n","protected":false},"author":1,"featured_media":76623,"comment_status":"closed","ping_status":"open","sticky":false,"template":"","format":"standard","meta":{"rop_custom_images_group":[],"rop_custom_messages_group":[],"rop_publish_now":"initial","rop_publish_now_accounts":[],"rop_publish_now_history":[],"rop_publish_now_status":"pending","footnotes":""},"categories":[67,72],"tags":[23],"class_list":["post-76622","post","type-post","status-publish","format-standard","has-post-thumbnail","hentry","category-ciudad","category-estado","tag-destacado"],"_links":{"self":[{"href":"https:\/\/notiissa.mx\/index.php?rest_route=\/wp\/v2\/posts\/76622","targetHints":{"allow":["GET"]}}],"collection":[{"href":"https:\/\/notiissa.mx\/index.php?rest_route=\/wp\/v2\/posts"}],"about":[{"href":"https:\/\/notiissa.mx\/index.php?rest_route=\/wp\/v2\/types\/post"}],"author":[{"embeddable":true,"href":"https:\/\/notiissa.mx\/index.php?rest_route=\/wp\/v2\/users\/1"}],"replies":[{"embeddable":true,"href":"https:\/\/notiissa.mx\/index.php?rest_route=%2Fwp%2Fv2%2Fcomments&post=76622"}],"version-history":[{"count":1,"href":"https:\/\/notiissa.mx\/index.php?rest_route=\/wp\/v2\/posts\/76622\/revisions"}],"predecessor-version":[{"id":76624,"href":"https:\/\/notiissa.mx\/index.php?rest_route=\/wp\/v2\/posts\/76622\/revisions\/76624"}],"wp:featuredmedia":[{"embeddable":true,"href":"https:\/\/notiissa.mx\/index.php?rest_route=\/wp\/v2\/media\/76623"}],"wp:attachment":[{"href":"https:\/\/notiissa.mx\/index.php?rest_route=%2Fwp%2Fv2%2Fmedia&parent=76622"}],"wp:term":[{"taxonomy":"category","embeddable":true,"href":"https:\/\/notiissa.mx\/index.php?rest_route=%2Fwp%2Fv2%2Fcategories&post=76622"},{"taxonomy":"post_tag","embeddable":true,"href":"https:\/\/notiissa.mx\/index.php?rest_route=%2Fwp%2Fv2%2Ftags&post=76622"}],"curies":[{"name":"wp","href":"https:\/\/api.w.org\/{rel}","templated":true}]}}