{"id":76584,"date":"2025-04-04T15:33:20","date_gmt":"2025-04-04T22:33:20","guid":{"rendered":"https:\/\/notiissa.mx\/?p=76584"},"modified":"2025-04-04T15:33:20","modified_gmt":"2025-04-04T22:33:20","slug":"rinde-protesta-marco-bonilla-como-vicepresidente-de-la-anac","status":"publish","type":"post","link":"https:\/\/notiissa.mx\/?p=76584","title":{"rendered":"Rinde protesta Marco Bonilla como vicepresidente de la ANAC"},"content":{"rendered":"<p><strong>Ciudad de M\u00e9xico.-<\/strong>El alcalde Marco Bonilla rindi\u00f3 protesta como vicepresidente de la Asociaci\u00f3n Nacional de Alcaldes (ANAC), organismo que agrupa a presidentes municipales para impulsar reformas que permiten avanzar en la agenda municipal, que permitan un aut\u00e9ntico federalismo en el que las administraciones p\u00fablicas locales obtengan las condiciones necesarias para el desarrollo de los ciudadanos que los habitan. Dicha mesa directiva fue renovada en su totalidad y ser\u00e1 presidida por Mauricio Tabe Echartea, alcalde de Miguel Hidalgo en la Ciudad de M\u00e9xico.<\/p>\n","protected":false},"excerpt":{"rendered":"<p>Ciudad de M\u00e9xico.-El alcalde Marco Bonilla rindi\u00f3 protesta como vicepresidente de la Asociaci\u00f3n Nacional de Alcaldes (ANAC), organismo que agrupa a presidentes municipales para impulsar reformas que permiten avanzar en la agenda municipal, que permitan un aut\u00e9ntico federalismo en el que las administraciones p\u00fablicas locales obtengan las condiciones necesarias para el desarrollo de los ciudadanos [&hellip;]<\/p>\n","protected":false},"author":1,"featured_media":76585,"comment_status":"closed","ping_status":"open","sticky":false,"template":"","format":"standard","meta":{"rop_custom_images_group":[],"rop_custom_messages_group":[],"rop_publish_now":"initial","rop_publish_now_accounts":[],"rop_publish_now_history":[],"rop_publish_now_status":"pending","footnotes":""},"categories":[67,72],"tags":[23],"class_list":["post-76584","post","type-post","status-publish","format-standard","has-post-thumbnail","hentry","category-ciudad","category-estado","tag-destacado"],"_links":{"self":[{"href":"https:\/\/notiissa.mx\/index.php?rest_route=\/wp\/v2\/posts\/76584","targetHints":{"allow":["GET"]}}],"collection":[{"href":"https:\/\/notiissa.mx\/index.php?rest_route=\/wp\/v2\/posts"}],"about":[{"href":"https:\/\/notiissa.mx\/index.php?rest_route=\/wp\/v2\/types\/post"}],"author":[{"embeddable":true,"href":"https:\/\/notiissa.mx\/index.php?rest_route=\/wp\/v2\/users\/1"}],"replies":[{"embeddable":true,"href":"https:\/\/notiissa.mx\/index.php?rest_route=%2Fwp%2Fv2%2Fcomments&post=76584"}],"version-history":[{"count":1,"href":"https:\/\/notiissa.mx\/index.php?rest_route=\/wp\/v2\/posts\/76584\/revisions"}],"predecessor-version":[{"id":76586,"href":"https:\/\/notiissa.mx\/index.php?rest_route=\/wp\/v2\/posts\/76584\/revisions\/76586"}],"wp:featuredmedia":[{"embeddable":true,"href":"https:\/\/notiissa.mx\/index.php?rest_route=\/wp\/v2\/media\/76585"}],"wp:attachment":[{"href":"https:\/\/notiissa.mx\/index.php?rest_route=%2Fwp%2Fv2%2Fmedia&parent=76584"}],"wp:term":[{"taxonomy":"category","embeddable":true,"href":"https:\/\/notiissa.mx\/index.php?rest_route=%2Fwp%2Fv2%2Fcategories&post=76584"},{"taxonomy":"post_tag","embeddable":true,"href":"https:\/\/notiissa.mx\/index.php?rest_route=%2Fwp%2Fv2%2Ftags&post=76584"}],"curies":[{"name":"wp","href":"https:\/\/api.w.org\/{rel}","templated":true}]}}