{"id":76550,"date":"2025-04-03T16:24:05","date_gmt":"2025-04-03T23:24:05","guid":{"rendered":"https:\/\/notiissa.mx\/?p=76550"},"modified":"2025-04-03T16:24:05","modified_gmt":"2025-04-03T23:24:05","slug":"adan-galicia-se-une-a-entrenamiento-inclusivo-con-el-equipo-abejas","status":"publish","type":"post","link":"https:\/\/notiissa.mx\/?p=76550","title":{"rendered":"Ad\u00e1n Galicia se une a entrenamiento inclusivo con el equipo Abejas"},"content":{"rendered":"<p><strong>Ciudad de Chihuahua.-<\/strong> El Regidor Ad\u00e1n Galicia (PAN) y\u00a0 presidente de la Comisi\u00f3n del Deporte, particip\u00f3 este mi\u00e9rcoles 2 de abril en una emotiva jornada de entrenamiento con el equipo de baloncesto \u00abAbejas\u00bb, conformado por deportistas con discapacidad intelectual. La actividad se llev\u00f3 a cabo en el gimnasio adaptado \u00abManuel Trueva Mart\u00ednez\u00bb, un espacio que facilita el acceso y la inclusi\u00f3n de personas con discapacidad en el \u00e1mbito deportivo.<\/p>\n<p>El entrenamiento form\u00f3 parte de la gira \u00abEn los Zapatos del Deporte\u00bb, una iniciativa que busca que los funcionarios p\u00fablicos vivan de cerca las experiencias, desaf\u00edos y logros de los deportistas en sus respectivas disciplinas. Esta gira tiene como objetivo promover la empat\u00eda y una mayor comprensi\u00f3n sobre las necesidades del deporte en la comunidad.<\/p>\n<p>Ad\u00e1n Galicia se uni\u00f3 al equipo de las Abejas para compartir un momento de aprendizaje. Durante el entrenamiento, el regidor destac\u00f3 la importancia de la inclusi\u00f3n en el deporte y agradeci\u00f3 la dedicaci\u00f3n de todos los entrenadores y miembros del equipo.<\/p>\n<p>\u00abEs un honor formar parte de este entrenamiento y conocer de primera mano lo que significa el deporte para los j\u00f3venes chihuahuenses. Los desaf\u00edos son grandes, pero lo que me lleva a admirar a\u00fan m\u00e1s a este equipo es la pasi\u00f3n y determinaci\u00f3n con la que practican su deporte.\u201d<br \/>\nCon la gira \u00abEn los Zapatos del Deporte\u00bb, Ad\u00e1n Galicia contin\u00faa su compromiso con el impulso al deporte en todas sus formas, buscando generar pol\u00edticas p\u00fablicas que favorezcan a los deportistas de Chihuahua, sin importar sus condiciones. A trav\u00e9s de esta iniciativa, el regidor reafirma su apoyo al deporte y la importancia de fomentar la participaci\u00f3n activa de todos los sectores de la sociedad.<\/p>\n<p>Para m\u00e1s informaci\u00f3n, contactar a:<\/p>\n<p>Oficina del Regidor Adan Galicia<br \/>\nEdificio Regidores, piso 3<br \/>\nTel\u00e9fono: (614) 123-4567<br \/>\nCorreo Electr\u00f3nico: Regidorgalicia@Gmail.com<\/p>\n<p>Contacto Equipo Abejas<br \/>\n614-465-06-96<br \/>\nCelso Hern\u00e1ndez<\/p>\n","protected":false},"excerpt":{"rendered":"<p>Ciudad de Chihuahua.- El Regidor Ad\u00e1n Galicia (PAN) y\u00a0 presidente de la Comisi\u00f3n del Deporte, particip\u00f3 este mi\u00e9rcoles 2 de abril en una emotiva jornada de entrenamiento con el equipo de baloncesto \u00abAbejas\u00bb, conformado por deportistas con discapacidad intelectual. La actividad se llev\u00f3 a cabo en el gimnasio adaptado \u00abManuel Trueva Mart\u00ednez\u00bb, un espacio que [&hellip;]<\/p>\n","protected":false},"author":1,"featured_media":76551,"comment_status":"closed","ping_status":"open","sticky":false,"template":"","format":"standard","meta":{"rop_custom_images_group":[],"rop_custom_messages_group":[],"rop_publish_now":"initial","rop_publish_now_accounts":[],"rop_publish_now_history":[],"rop_publish_now_status":"pending","footnotes":""},"categories":[67,72],"tags":[23],"class_list":["post-76550","post","type-post","status-publish","format-standard","has-post-thumbnail","hentry","category-ciudad","category-estado","tag-destacado"],"_links":{"self":[{"href":"https:\/\/notiissa.mx\/index.php?rest_route=\/wp\/v2\/posts\/76550","targetHints":{"allow":["GET"]}}],"collection":[{"href":"https:\/\/notiissa.mx\/index.php?rest_route=\/wp\/v2\/posts"}],"about":[{"href":"https:\/\/notiissa.mx\/index.php?rest_route=\/wp\/v2\/types\/post"}],"author":[{"embeddable":true,"href":"https:\/\/notiissa.mx\/index.php?rest_route=\/wp\/v2\/users\/1"}],"replies":[{"embeddable":true,"href":"https:\/\/notiissa.mx\/index.php?rest_route=%2Fwp%2Fv2%2Fcomments&post=76550"}],"version-history":[{"count":1,"href":"https:\/\/notiissa.mx\/index.php?rest_route=\/wp\/v2\/posts\/76550\/revisions"}],"predecessor-version":[{"id":76552,"href":"https:\/\/notiissa.mx\/index.php?rest_route=\/wp\/v2\/posts\/76550\/revisions\/76552"}],"wp:featuredmedia":[{"embeddable":true,"href":"https:\/\/notiissa.mx\/index.php?rest_route=\/wp\/v2\/media\/76551"}],"wp:attachment":[{"href":"https:\/\/notiissa.mx\/index.php?rest_route=%2Fwp%2Fv2%2Fmedia&parent=76550"}],"wp:term":[{"taxonomy":"category","embeddable":true,"href":"https:\/\/notiissa.mx\/index.php?rest_route=%2Fwp%2Fv2%2Fcategories&post=76550"},{"taxonomy":"post_tag","embeddable":true,"href":"https:\/\/notiissa.mx\/index.php?rest_route=%2Fwp%2Fv2%2Ftags&post=76550"}],"curies":[{"name":"wp","href":"https:\/\/api.w.org\/{rel}","templated":true}]}}