{"id":76504,"date":"2025-04-03T09:55:39","date_gmt":"2025-04-03T16:55:39","guid":{"rendered":"https:\/\/notiissa.mx\/?p=76504"},"modified":"2025-04-03T09:55:39","modified_gmt":"2025-04-03T16:55:39","slug":"anuncia-bonilla-orquestandola-sinfonico-rock-en-espanol","status":"publish","type":"post","link":"https:\/\/notiissa.mx\/?p=76504","title":{"rendered":"Anuncia Bonilla Orquest\u00e1ndola Sinf\u00f3nico Rock en Espa\u00f1ol"},"content":{"rendered":"<p><strong>El pr\u00f3ximo s\u00e1bado 3 de mayo.<\/strong><\/p>\n<p><strong>Ciudad de Chihuahua.-<\/strong> El alcalde Marco Bonilla anunci\u00f3 la fecha de la cuarta edici\u00f3n del concierto \u00abOrquest\u00e1ndola Sinf\u00f3nico\u00bb a realizarse el pr\u00f3ximo s\u00e1bado 3 de mayo en la explanada del parque El Palomar a partir de las 8:00 de la noche, con la participaci\u00f3n de grupos locales que deleitar\u00e1n a las familias chihuahuenses con los cl\u00e1sicos del rock en espa\u00f1ol.<\/p>\n<p>Marco Bonilla expres\u00f3 que el Gobierno Municipal de Chihuahua, desde hace cuatro a\u00f1os, ha impulsado el evento de Orquest\u00e1ndola Sinf\u00f3nica, una iniciativa que naci\u00f3 por la inquietud de llevar la m\u00fasica de orquesta a toda clase de p\u00fablico.<\/p>\n<p>En todas las ediciones, expres\u00f3 el Alcalde Bonilla, se ha reunido a m\u00fasicos profesionales que hacen arreglos de orquesta en canciones de diferentes corrientes musicales como cumbia, nacional ranchero, rock en ingl\u00e9s y, en la edici\u00f3n de este a\u00f1o, rock en espa\u00f1ol.<\/p>\n<p>Finalmente, Bonilla agradeci\u00f3 en esta ocasi\u00f3n la participaci\u00f3n de m\u00fasicos locales del Conservatorio de M\u00fasica, la Facultad de Bellas Artes, as\u00ed como maestros y m\u00fasicos independientes, que se sumaron a Orquest\u00e1ndola para revivir recuerdos con las canciones m\u00e1s famosas del rock.<\/p>\n<p>En esta edici\u00f3n participar\u00e1n grupos locales como \u201cLa Tiendita de don Pepe\u201d, \u201cLa Clica\u201d, \u201cSentido Contrario\u201d, \u201cBAAS\u201d, \u201cP\u00edldora Box\u201d y como invitados especiales, la agrupaci\u00f3n \u201cLos Concorde\u201d.<\/p>\n","protected":false},"excerpt":{"rendered":"<p>El pr\u00f3ximo s\u00e1bado 3 de mayo. Ciudad de Chihuahua.- El alcalde Marco Bonilla anunci\u00f3 la fecha de la cuarta edici\u00f3n del concierto \u00abOrquest\u00e1ndola Sinf\u00f3nico\u00bb a realizarse el pr\u00f3ximo s\u00e1bado 3 de mayo en la explanada del parque El Palomar a partir de las 8:00 de la noche, con la participaci\u00f3n de grupos locales que deleitar\u00e1n [&hellip;]<\/p>\n","protected":false},"author":1,"featured_media":76505,"comment_status":"closed","ping_status":"open","sticky":false,"template":"","format":"standard","meta":{"rop_custom_images_group":[],"rop_custom_messages_group":[],"rop_publish_now":"initial","rop_publish_now_accounts":[],"rop_publish_now_history":[],"rop_publish_now_status":"pending","footnotes":""},"categories":[67,70,72,66],"tags":[23],"class_list":["post-76504","post","type-post","status-publish","format-standard","has-post-thumbnail","hentry","category-ciudad","category-espectaculos","category-estado","category-estilo-de-vida","tag-destacado"],"_links":{"self":[{"href":"https:\/\/notiissa.mx\/index.php?rest_route=\/wp\/v2\/posts\/76504","targetHints":{"allow":["GET"]}}],"collection":[{"href":"https:\/\/notiissa.mx\/index.php?rest_route=\/wp\/v2\/posts"}],"about":[{"href":"https:\/\/notiissa.mx\/index.php?rest_route=\/wp\/v2\/types\/post"}],"author":[{"embeddable":true,"href":"https:\/\/notiissa.mx\/index.php?rest_route=\/wp\/v2\/users\/1"}],"replies":[{"embeddable":true,"href":"https:\/\/notiissa.mx\/index.php?rest_route=%2Fwp%2Fv2%2Fcomments&post=76504"}],"version-history":[{"count":1,"href":"https:\/\/notiissa.mx\/index.php?rest_route=\/wp\/v2\/posts\/76504\/revisions"}],"predecessor-version":[{"id":76506,"href":"https:\/\/notiissa.mx\/index.php?rest_route=\/wp\/v2\/posts\/76504\/revisions\/76506"}],"wp:featuredmedia":[{"embeddable":true,"href":"https:\/\/notiissa.mx\/index.php?rest_route=\/wp\/v2\/media\/76505"}],"wp:attachment":[{"href":"https:\/\/notiissa.mx\/index.php?rest_route=%2Fwp%2Fv2%2Fmedia&parent=76504"}],"wp:term":[{"taxonomy":"category","embeddable":true,"href":"https:\/\/notiissa.mx\/index.php?rest_route=%2Fwp%2Fv2%2Fcategories&post=76504"},{"taxonomy":"post_tag","embeddable":true,"href":"https:\/\/notiissa.mx\/index.php?rest_route=%2Fwp%2Fv2%2Ftags&post=76504"}],"curies":[{"name":"wp","href":"https:\/\/api.w.org\/{rel}","templated":true}]}}