{"id":76498,"date":"2025-04-02T15:50:40","date_gmt":"2025-04-02T22:50:40","guid":{"rendered":"https:\/\/notiissa.mx\/?p=76498"},"modified":"2025-04-02T15:50:40","modified_gmt":"2025-04-02T22:50:40","slug":"trump-declara-la-guerra-arancelaria-a-paises","status":"publish","type":"post","link":"https:\/\/notiissa.mx\/?p=76498","title":{"rendered":"Trump declara la guerra arancelaria a pa\u00edses"},"content":{"rendered":"<p>\u00abEs uno de los d\u00edas m\u00e1s importantes en la historia de EE.UU. Es una declaraci\u00f3n de independencia ante el resto del mundo\u00bb, expres\u00f3 el presidente estadounidense.<\/p>\n<p>EE.UU. introduce este 2 de abril aranceles rec\u00edprocos que, seg\u00fan anunci\u00f3 el presidente Donald Trump, afectar\u00e1n a todos los pa\u00edses.<\/p>\n<p>\u00abEs uno de los d\u00edas m\u00e1s importantes en la historia de EE.UU. Es una declaraci\u00f3n de independencia ante el resto del mundo. Es el momento de nuestra prosperidad, de reducir impuestos en el pa\u00eds y volver a hacer grande EE.UU.\u00bb,\u00a0 declar\u00f3 el mandatario en un discurso desde la Casa Blanca. \u00abDurante d\u00e9cadas nuestro pa\u00eds ha sido saqueado, nos han robado nuestros empleos y nuestras f\u00e1bricas. Hoy volvemos al sue\u00f1o americano\u00bb, continu\u00f3.<\/p>\n<h3>\u00bfA qui\u00e9nes van dirigidos los aranceles?<\/h3>\n<p>En detalle, el l\u00edder estadounidense anunci\u00f3 aranceles de <strong>al menos el 10% sobre pr\u00e1cticamente todos los bienes que ingresan al pa\u00eds<\/strong>, adem\u00e1s de tasas a\u00fan m\u00e1s altas para docenas de pa\u00edses que tienen los mayores d\u00e9ficits comerciales con Estados Unidos.<\/p>\n<p>En el discurso, el republicano revel\u00f3 la lista completa de pa\u00edses sujetos a aranceles rec\u00edprocos\u00a0con tasas que <strong>oscilan entre el 10% y el 49%<\/strong>.<\/p>\n<p>Entre los pa\u00edses afectados se encuentran <strong>China, con un arancel del 34%, la Uni\u00f3n Europea, con un 20%, y Vietnam, con una de las tasas m\u00e1s altas, un 46%<\/strong>.<\/p>\n<p>RT.<\/p>\n","protected":false},"excerpt":{"rendered":"<p>\u00abEs uno de los d\u00edas m\u00e1s importantes en la historia de EE.UU. Es una declaraci\u00f3n de independencia ante el resto del mundo\u00bb, expres\u00f3 el presidente estadounidense. EE.UU. introduce este 2 de abril aranceles rec\u00edprocos que, seg\u00fan anunci\u00f3 el presidente Donald Trump, afectar\u00e1n a todos los pa\u00edses. \u00abEs uno de los d\u00edas m\u00e1s importantes en la [&hellip;]<\/p>\n","protected":false},"author":1,"featured_media":76499,"comment_status":"closed","ping_status":"open","sticky":false,"template":"","format":"standard","meta":{"rop_custom_images_group":[],"rop_custom_messages_group":[],"rop_publish_now":"initial","rop_publish_now_accounts":[],"rop_publish_now_history":[],"rop_publish_now_status":"pending","footnotes":""},"categories":[67,61,72,77],"tags":[23],"class_list":["post-76498","post","type-post","status-publish","format-standard","has-post-thumbnail","hentry","category-ciudad","category-economia","category-estado","category-ni-lectoris","tag-destacado"],"_links":{"self":[{"href":"https:\/\/notiissa.mx\/index.php?rest_route=\/wp\/v2\/posts\/76498","targetHints":{"allow":["GET"]}}],"collection":[{"href":"https:\/\/notiissa.mx\/index.php?rest_route=\/wp\/v2\/posts"}],"about":[{"href":"https:\/\/notiissa.mx\/index.php?rest_route=\/wp\/v2\/types\/post"}],"author":[{"embeddable":true,"href":"https:\/\/notiissa.mx\/index.php?rest_route=\/wp\/v2\/users\/1"}],"replies":[{"embeddable":true,"href":"https:\/\/notiissa.mx\/index.php?rest_route=%2Fwp%2Fv2%2Fcomments&post=76498"}],"version-history":[{"count":1,"href":"https:\/\/notiissa.mx\/index.php?rest_route=\/wp\/v2\/posts\/76498\/revisions"}],"predecessor-version":[{"id":76500,"href":"https:\/\/notiissa.mx\/index.php?rest_route=\/wp\/v2\/posts\/76498\/revisions\/76500"}],"wp:featuredmedia":[{"embeddable":true,"href":"https:\/\/notiissa.mx\/index.php?rest_route=\/wp\/v2\/media\/76499"}],"wp:attachment":[{"href":"https:\/\/notiissa.mx\/index.php?rest_route=%2Fwp%2Fv2%2Fmedia&parent=76498"}],"wp:term":[{"taxonomy":"category","embeddable":true,"href":"https:\/\/notiissa.mx\/index.php?rest_route=%2Fwp%2Fv2%2Fcategories&post=76498"},{"taxonomy":"post_tag","embeddable":true,"href":"https:\/\/notiissa.mx\/index.php?rest_route=%2Fwp%2Fv2%2Ftags&post=76498"}],"curies":[{"name":"wp","href":"https:\/\/api.w.org\/{rel}","templated":true}]}}