{"id":76419,"date":"2025-04-01T14:20:32","date_gmt":"2025-04-01T21:20:32","guid":{"rendered":"https:\/\/notiissa.mx\/?p=76419"},"modified":"2025-04-01T14:20:32","modified_gmt":"2025-04-01T21:20:32","slug":"necesario-dar-certeza-juridica-a-personas-en-condicion-del-espectro-autista","status":"publish","type":"post","link":"https:\/\/notiissa.mx\/?p=76419","title":{"rendered":"Necesario dar certeza jur\u00eddica a personas en condici\u00f3n del Espectro Autista"},"content":{"rendered":"<p><strong>Chihuahua.-<\/strong> Herminia G\u00f3mez Carrasco diputada integrante del Grupo Parlamentario de morena someti\u00f3 ante el Congreso un proyecto con car\u00e1cter de decreto a fin de adicionar un Art\u00edculo 10 BIS a la Ley General para la Atenci\u00f3n y Protecci\u00f3n a Personas con la Condici\u00f3n del Espectro Autista.<\/p>\n<p>La legisladora argument\u00f3 que es fundamental recordar que las neurodivergencias como el autismo, no en todos los casos se consideran como una discapacidad, sin embargo, se debe dejar claro, que aun as\u00ed, enfrentan barreras que limitan el pleno ejercicio de sus derechos. Que se debe atender el caso concreto y darle a la persona neurodivergente, el derecho de auto-reconocimiento para que pueda identificar, manifestar libremente y determinar las necesidades de apoyo que le permitan desarrollarse plenamente.<\/p>\n<p>Esta condici\u00f3n se presenta de diferente medida en cada persona, el Manual Diagn\u00f3stico y Estad\u00edstico de los Trastornos mentales introdujo 3 niveles del espectro autista: nivel 1 (\u00abrequiere apoyo\u00bb), nivel 2 (\u00abrequiere apoyo sustancial\u00bb) y nivel 3 (\u00abrequiere apoyo muy sustancial\u00bb).<\/p>\n<p>El derecho a auto-reconocer las necesidades de apoyo y garantizar la participaci\u00f3n plena de las personas con Trastorno del Espectro Autista (TEA) en la sociedad, est\u00e1 respaldado por la Declaraci\u00f3n Universal de los Derechos Humanos y la Convenci\u00f3n sobre los Derechos de las Personas con Discapacidad de las Naciones Unidas, que establecen principios fundamentales de autonom\u00eda, dignidad e igualdad ante la ley, el reconocimiento de su personalidad jur\u00eddica, ejercer su capacidad legal en igualdad y participar en la vida p\u00fablica o pol\u00edtica.<\/p>\n<p>Por el anterior panorama, concluy\u00f3 la legisladora de morena se solicita adicionar un art\u00edculo 10 BIS a la Ley General Para La Atenci\u00f3n Y Protecci\u00f3n A Personas Con La Condici\u00f3n Del Espectro Autista, para quedar de la siguiente manera:<\/p>\n<p>La persona diagnosticada con trastorno del espectro autista (TEA) tiene el derecho a auto-reconocer sus necesidades de apoyo para el ejercicio pleno de sus derechos. El Estado deber\u00e1 garantizar el acceso a mecanismos y recursos adecuados que faciliten este auto-reconocimiento, promoviendo la manifestaci\u00f3n libre de la voluntad de la persona, respetando su autonom\u00eda y dignidad. Adem\u00e1s, se fomentar\u00e1 la inclusi\u00f3n social, asegurando que las personas con TEA puedan ejercer sus derechos en condiciones de igualdad con el resto de la ciudadan\u00eda.<\/p>\n","protected":false},"excerpt":{"rendered":"<p>Chihuahua.- Herminia G\u00f3mez Carrasco diputada integrante del Grupo Parlamentario de morena someti\u00f3 ante el Congreso un proyecto con car\u00e1cter de decreto a fin de adicionar un Art\u00edculo 10 BIS a la Ley General para la Atenci\u00f3n y Protecci\u00f3n a Personas con la Condici\u00f3n del Espectro Autista. La legisladora argument\u00f3 que es fundamental recordar que las [&hellip;]<\/p>\n","protected":false},"author":1,"featured_media":76420,"comment_status":"closed","ping_status":"open","sticky":false,"template":"","format":"standard","meta":{"rop_custom_images_group":[],"rop_custom_messages_group":[],"rop_publish_now":"initial","rop_publish_now_accounts":[],"rop_publish_now_history":[],"rop_publish_now_status":"pending","footnotes":""},"categories":[67,72],"tags":[],"class_list":["post-76419","post","type-post","status-publish","format-standard","has-post-thumbnail","hentry","category-ciudad","category-estado"],"_links":{"self":[{"href":"https:\/\/notiissa.mx\/index.php?rest_route=\/wp\/v2\/posts\/76419","targetHints":{"allow":["GET"]}}],"collection":[{"href":"https:\/\/notiissa.mx\/index.php?rest_route=\/wp\/v2\/posts"}],"about":[{"href":"https:\/\/notiissa.mx\/index.php?rest_route=\/wp\/v2\/types\/post"}],"author":[{"embeddable":true,"href":"https:\/\/notiissa.mx\/index.php?rest_route=\/wp\/v2\/users\/1"}],"replies":[{"embeddable":true,"href":"https:\/\/notiissa.mx\/index.php?rest_route=%2Fwp%2Fv2%2Fcomments&post=76419"}],"version-history":[{"count":1,"href":"https:\/\/notiissa.mx\/index.php?rest_route=\/wp\/v2\/posts\/76419\/revisions"}],"predecessor-version":[{"id":76421,"href":"https:\/\/notiissa.mx\/index.php?rest_route=\/wp\/v2\/posts\/76419\/revisions\/76421"}],"wp:featuredmedia":[{"embeddable":true,"href":"https:\/\/notiissa.mx\/index.php?rest_route=\/wp\/v2\/media\/76420"}],"wp:attachment":[{"href":"https:\/\/notiissa.mx\/index.php?rest_route=%2Fwp%2Fv2%2Fmedia&parent=76419"}],"wp:term":[{"taxonomy":"category","embeddable":true,"href":"https:\/\/notiissa.mx\/index.php?rest_route=%2Fwp%2Fv2%2Fcategories&post=76419"},{"taxonomy":"post_tag","embeddable":true,"href":"https:\/\/notiissa.mx\/index.php?rest_route=%2Fwp%2Fv2%2Ftags&post=76419"}],"curies":[{"name":"wp","href":"https:\/\/api.w.org\/{rel}","templated":true}]}}